{"id":318476,"date":"2025-04-09T09:18:12","date_gmt":"2025-04-09T06:18:12","guid":{"rendered":"https:\/\/sana.sy\/tr\/?p=318476"},"modified":"2025-04-09T09:18:12","modified_gmt":"2025-04-09T06:18:12","slug":"lazkiye-icme-suyu-kurumu-fransiz-islami-yardim-orgutu-ile-isbirligi-mekanizmalarini-gorustu","status":"publish","type":"post","link":"https:\/\/archive.sana.sy\/tr\/?p=318476","title":{"rendered":"Lazkiye \u0130\u00e7me Suyu Kurumu, Frans\u0131z \u0130slami Yard\u0131m \u00d6rg\u00fct\u00fc \u0130le \u0130\u015fbirli\u011fi Mekanizmalar\u0131n\u0131 G\u00f6r\u00fc\u015ft\u00fc"},"content":{"rendered":"<p style=\"text-align: justify;\"><strong>LAZK\u0130YE (SANA) \u2013<\/strong> Lazkiye \u0130\u00e7me Suyu ve Sanitasyon Genel M\u00fcd\u00fcrl\u00fc\u011f\u00fc M\u00fcd\u00fcr\u00fc M\u00fch. Abdul Halek Diyab, Fransa \u0130slami Yard\u0131m \u00d6rg\u00fct\u00fc&#8217;nden (S\u0130F) bir heyetle, Lazkiye k\u0131rsal\u0131ndaki k\u00f6ylere su ula\u015ft\u0131rmay\u0131 ama\u00e7layan \u00e7e\u015fitli projelere ili\u015fkin i\u015f birli\u011fi mekanizmalar\u0131n\u0131 g\u00f6r\u00fc\u015ft\u00fc.<\/p>\n<p style=\"text-align: justify;\">Kurum, resmi Facebook sayfas\u0131ndan yapt\u0131\u011f\u0131 a\u00e7\u0131klamada, Kurumda d\u00fczenlenen toplant\u0131da, Jableh k\u0131rsal\u0131ndaki Dahr Armati ve Deyrotan su deposunun rehabilitasyonuna ili\u015fkin ayr\u0131nt\u0131lar\u0131n ele al\u0131nd\u0131\u011f\u0131n\u0131, su temininin s\u00fcreklili\u011fini sa\u011flamak ve b\u00f6lge sakinlerinin ma\u011fduriyetini hafifletmek i\u00e7in pompalar\u0131n acil bak\u0131m\u0131n\u0131n yap\u0131lmas\u0131n\u0131n \u00f6nemine vurgu yap\u0131ld\u0131\u011f\u0131n\u0131 belirtti.<\/p>\n<p>Toplant\u0131da ayr\u0131ca, etkilenen topluluklar i\u00e7in s\u00fcrd\u00fcr\u00fclebilir su kaynaklar\u0131n\u0131n g\u00fcvence alt\u0131na al\u0131nmas\u0131 ve ihtiya\u00e7lar\u0131na etkili bir \u015fekilde yan\u0131t verilmesi amac\u0131yla daha geni\u015f bir \u00e7aban\u0131n par\u00e7as\u0131 olarak k\u0131rsal Lazkiye&#8217;deki k\u00f6ylere hizmet eden bir dizi \u00f6nerilen proje g\u00f6r\u00fc\u015f\u00fcld\u00fc.<\/p>\n<div id='gallery-1' class='gallery galleryid-318476 gallery-columns-2 gallery-size-full'><figure class='gallery-item'>\n\t\t\t<div class='gallery-icon landscape'>\n\t\t\t\t<a href='https:\/\/archive.sana.sy\/tr\/wp-content\/uploads\/2025\/04\/photo_2025-04-08_21-33-26-copy.jpg'><img loading=\"lazy\" decoding=\"async\" width=\"660\" height=\"409\" src=\"https:\/\/archive.sana.sy\/tr\/wp-content\/uploads\/2025\/04\/photo_2025-04-08_21-33-26-copy.jpg\" class=\"attachment-full size-full\" alt=\"\" srcset=\"https:\/\/archive.sana.sy\/tr\/wp-content\/uploads\/2025\/04\/photo_2025-04-08_21-33-26-copy.jpg 660w, https:\/\/archive.sana.sy\/tr\/wp-content\/uploads\/2025\/04\/photo_2025-04-08_21-33-26-copy-300x186.jpg 300w\" sizes=\"auto, (max-width: 660px) 100vw, 660px\" \/><\/a>\n\t\t\t<\/div><\/figure><figure class='gallery-item'>\n\t\t\t<div class='gallery-icon landscape'>\n\t\t\t\t<a href='https:\/\/archive.sana.sy\/tr\/wp-content\/uploads\/2025\/04\/photo_2025-04-08_21-33-32-copy.jpg'><img loading=\"lazy\" decoding=\"async\" width=\"660\" height=\"398\" src=\"https:\/\/archive.sana.sy\/tr\/wp-content\/uploads\/2025\/04\/photo_2025-04-08_21-33-32-copy.jpg\" class=\"attachment-full size-full\" alt=\"\" srcset=\"https:\/\/archive.sana.sy\/tr\/wp-content\/uploads\/2025\/04\/photo_2025-04-08_21-33-32-copy.jpg 660w, https:\/\/archive.sana.sy\/tr\/wp-content\/uploads\/2025\/04\/photo_2025-04-08_21-33-32-copy-300x181.jpg 300w\" sizes=\"auto, (max-width: 660px) 100vw, 660px\" \/><\/a>\n\t\t\t<\/div><\/figure>\n\t\t<\/div>\n\n","protected":false},"excerpt":{"rendered":"<p>LAZK\u0130YE (SANA) \u2013 Lazkiye \u0130\u00e7me Suyu ve Sanitasyon Genel M\u00fcd\u00fcrl\u00fc\u011f\u00fc M\u00fcd\u00fcr\u00fc M\u00fch. Abdul Halek Diyab, Fransa \u0130slami Yard\u0131m \u00d6rg\u00fct\u00fc&#8217;nden (S\u0130F) bir heyetle, Lazkiye k\u0131rsal\u0131ndaki k\u00f6ylere su ula\u015ft\u0131rmay\u0131 ama\u00e7layan \u00e7e\u015fitli projelere ili\u015fkin i\u015f birli\u011fi mekanizmalar\u0131n\u0131 g\u00f6r\u00fc\u015ft\u00fc. Kurum, resmi Facebook sayfas\u0131ndan yapt\u0131\u011f\u0131 a\u00e7\u0131klamada, Kurumda d\u00fczenlenen toplant\u0131da, Jableh k\u0131rsal\u0131ndaki Dahr Armati ve Deyrotan su deposunun rehabilitasyonuna ili\u015fkin ayr\u0131nt\u0131lar\u0131n &hellip;<\/p>\n","protected":false},"author":39,"featured_media":318477,"comment_status":"closed","ping_status":"closed","sticky":false,"template":"","format":"standard","meta":{"footnotes":""},"categories":[589,479,17988,478],"tags":[],"class_list":["post-318476","post","type-post","status-publish","format-standard","has-post-thumbnail","","category-haber-seridi","category-haberler-yerel","category-son-haberler","category-yerel"],"_links":{"self":[{"href":"https:\/\/archive.sana.sy\/tr\/index.php?rest_route=\/wp\/v2\/posts\/318476","targetHints":{"allow":["GET"]}}],"collection":[{"href":"https:\/\/archive.sana.sy\/tr\/index.php?rest_route=\/wp\/v2\/posts"}],"about":[{"href":"https:\/\/archive.sana.sy\/tr\/index.php?rest_route=\/wp\/v2\/types\/post"}],"author":[{"embeddable":true,"href":"https:\/\/archive.sana.sy\/tr\/index.php?rest_route=\/wp\/v2\/users\/39"}],"replies":[{"embeddable":true,"href":"https:\/\/archive.sana.sy\/tr\/index.php?rest_route=%2Fwp%2Fv2%2Fcomments&post=318476"}],"version-history":[{"count":1,"href":"https:\/\/archive.sana.sy\/tr\/index.php?rest_route=\/wp\/v2\/posts\/318476\/revisions"}],"predecessor-version":[{"id":318480,"href":"https:\/\/archive.sana.sy\/tr\/index.php?rest_route=\/wp\/v2\/posts\/318476\/revisions\/318480"}],"wp:featuredmedia":[{"embeddable":true,"href":"https:\/\/archive.sana.sy\/tr\/index.php?rest_route=\/wp\/v2\/media\/318477"}],"wp:attachment":[{"href":"https:\/\/archive.sana.sy\/tr\/index.php?rest_route=%2Fwp%2Fv2%2Fmedia&parent=318476"}],"wp:term":[{"taxonomy":"category","embeddable":true,"href":"https:\/\/archive.sana.sy\/tr\/index.php?rest_route=%2Fwp%2Fv2%2Fcategories&post=318476"},{"taxonomy":"post_tag","embeddable":true,"href":"https:\/\/archive.sana.sy\/tr\/index.php?rest_route=%2Fwp%2Fv2%2Ftags&post=318476"}],"curies":[{"name":"wp","href":"https:\/\/api.w.org\/{rel}","templated":true}]}}