{"id":318519,"date":"2025-04-09T11:33:23","date_gmt":"2025-04-09T08:33:23","guid":{"rendered":"https:\/\/sana.sy\/tr\/?p=318519"},"modified":"2025-04-09T11:33:23","modified_gmt":"2025-04-09T08:33:23","slug":"abd-disisleri-bakanligi-gecis-hukumetinin-kurulmasinin-kapsamli-bir-suriyeye-dogru-olumlu-bir-adim-teskil-etmesini-umuyoruz","status":"publish","type":"post","link":"https:\/\/archive.sana.sy\/tr\/?p=318519","title":{"rendered":"ABD D\u0131\u015fi\u015fleri Bakanl\u0131\u011f\u0131: Ge\u00e7i\u015f H\u00fck\u00fcmetinin Kurulmas\u0131n\u0131n Kapsaml\u0131 Bir Suriye&#8217;ye Do\u011fru Olumlu Bir Ad\u0131m Te\u015fkil Etmesini Umuyoruz"},"content":{"rendered":"<p style=\"text-align: justify;\"><strong>VA\u015e\u0130NGTON (SANA) \u2013 <\/strong>ABD D\u0131\u015fi\u015fleri Bakanl\u0131\u011f\u0131, ge\u00e7i\u015f h\u00fck\u00fcmetinin kurulmas\u0131n\u0131n kapsay\u0131c\u0131 ve temsili bir Suriye&#8217;ye do\u011fru olumlu bir ad\u0131m te\u015fkil edece\u011fi y\u00f6n\u00fcndeki umudunu dile getirdi.<\/p>\n<p style=\"text-align: justify;\">ABD&#8217;nin \u015eam B\u00fcy\u00fckel\u00e7ili\u011fi, D\u0131\u015fi\u015fleri Bakanl\u0131\u011f\u0131 S\u00f6zc\u00fcs\u00fc Tammy Bruce&#8217;un internet sitesinde yay\u0131mlad\u0131\u011f\u0131 a\u00e7\u0131klamada, &#8220;Esad rejimi alt\u0131nda onlarca y\u0131ld\u0131r bask\u0131ya maruz kalan Suriye halk\u0131n\u0131n \u00e7ekti\u011fi ac\u0131lar\u0131 anl\u0131yoruz ve ge\u00e7i\u015f h\u00fck\u00fcmetinin kurulmas\u0131n\u0131n kapsay\u0131c\u0131 ve temsili bir Suriye&#8217;ye do\u011fru olumlu bir ad\u0131m te\u015fkil etmesini umuyoruz.&#8221; ifadelerine yer verdi.<\/p>\n","protected":false},"excerpt":{"rendered":"<p>VA\u015e\u0130NGTON (SANA) \u2013 ABD D\u0131\u015fi\u015fleri Bakanl\u0131\u011f\u0131, ge\u00e7i\u015f h\u00fck\u00fcmetinin kurulmas\u0131n\u0131n kapsay\u0131c\u0131 ve temsili bir Suriye&#8217;ye do\u011fru olumlu bir ad\u0131m te\u015fkil edece\u011fi y\u00f6n\u00fcndeki umudunu dile getirdi. ABD&#8217;nin \u015eam B\u00fcy\u00fckel\u00e7ili\u011fi, D\u0131\u015fi\u015fleri Bakanl\u0131\u011f\u0131 S\u00f6zc\u00fcs\u00fc Tammy Bruce&#8217;un internet sitesinde yay\u0131mlad\u0131\u011f\u0131 a\u00e7\u0131klamada, &#8220;Esad rejimi alt\u0131nda onlarca y\u0131ld\u0131r bask\u0131ya maruz kalan Suriye halk\u0131n\u0131n \u00e7ekti\u011fi ac\u0131lar\u0131 anl\u0131yoruz ve ge\u00e7i\u015f h\u00fck\u00fcmetinin kurulmas\u0131n\u0131n kapsay\u0131c\u0131 ve &hellip;<\/p>\n","protected":false},"author":39,"featured_media":318520,"comment_status":"closed","ping_status":"closed","sticky":false,"template":"","format":"standard","meta":{"footnotes":""},"categories":[458,589,459,17988],"tags":[],"class_list":["post-318519","post","type-post","status-publish","format-standard","has-post-thumbnail","","category-dunya1","category-haber-seridi","category-haberler-arap-uluslararasi-politika","category-son-haberler"],"_links":{"self":[{"href":"https:\/\/archive.sana.sy\/tr\/index.php?rest_route=\/wp\/v2\/posts\/318519","targetHints":{"allow":["GET"]}}],"collection":[{"href":"https:\/\/archive.sana.sy\/tr\/index.php?rest_route=\/wp\/v2\/posts"}],"about":[{"href":"https:\/\/archive.sana.sy\/tr\/index.php?rest_route=\/wp\/v2\/types\/post"}],"author":[{"embeddable":true,"href":"https:\/\/archive.sana.sy\/tr\/index.php?rest_route=\/wp\/v2\/users\/39"}],"replies":[{"embeddable":true,"href":"https:\/\/archive.sana.sy\/tr\/index.php?rest_route=%2Fwp%2Fv2%2Fcomments&post=318519"}],"version-history":[{"count":1,"href":"https:\/\/archive.sana.sy\/tr\/index.php?rest_route=\/wp\/v2\/posts\/318519\/revisions"}],"predecessor-version":[{"id":318521,"href":"https:\/\/archive.sana.sy\/tr\/index.php?rest_route=\/wp\/v2\/posts\/318519\/revisions\/318521"}],"wp:featuredmedia":[{"embeddable":true,"href":"https:\/\/archive.sana.sy\/tr\/index.php?rest_route=\/wp\/v2\/media\/318520"}],"wp:attachment":[{"href":"https:\/\/archive.sana.sy\/tr\/index.php?rest_route=%2Fwp%2Fv2%2Fmedia&parent=318519"}],"wp:term":[{"taxonomy":"category","embeddable":true,"href":"https:\/\/archive.sana.sy\/tr\/index.php?rest_route=%2Fwp%2Fv2%2Fcategories&post=318519"},{"taxonomy":"post_tag","embeddable":true,"href":"https:\/\/archive.sana.sy\/tr\/index.php?rest_route=%2Fwp%2Fv2%2Ftags&post=318519"}],"curies":[{"name":"wp","href":"https:\/\/api.w.org\/{rel}","templated":true}]}}