{"id":318522,"date":"2025-04-09T12:22:41","date_gmt":"2025-04-09T09:22:41","guid":{"rendered":"https:\/\/sana.sy\/tr\/?p=318522"},"modified":"2025-04-09T15:02:31","modified_gmt":"2025-04-09T12:02:31","slug":"cezayir-ve-somali-israilin-suriyeye-yonelik-saldirganliklariyla-ilgili-olarak-guvenlik-konseyinin-acil-toplantiya-cagrilmasini-talep-etti","status":"publish","type":"post","link":"https:\/\/archive.sana.sy\/tr\/?p=318522","title":{"rendered":"Cezayir Ve Somali, \u0130srail&#8217;in Suriye&#8217;ye Y\u00f6nelik Sald\u0131rganl\u0131klar\u0131yla \u0130lgili Olarak G\u00fcvenlik Konseyi&#8217;nin Acil Toplant\u0131ya \u00c7a\u011fr\u0131lmas\u0131n\u0131 Talep Etti"},"content":{"rendered":"<p style=\"text-align: justify;\"><strong><span style=\"color: #800000;\">NEW YORK (SANA)<\/span> \u2013<\/strong> Cezayir ve Somali, \u0130srail&#8217;in Suriye topraklar\u0131na y\u00f6nelik sald\u0131rganl\u0131klar\u0131n\u0131n sonu\u00e7lar\u0131n\u0131 g\u00f6r\u00fc\u015fmek \u00fczere BM G\u00fcvenlik Konseyi&#8217;nden acil toplant\u0131 talep etti.<\/p>\n<p style=\"text-align: justify;\">Cezayir resmi haber ajans\u0131 &#8220;APS&#8221;, acil oturum talebinin New York&#8217;taki Arap Grubu ile yap\u0131lan isti\u015fare ve mutabakat sonras\u0131nda geldi\u011fini bildirdi.<\/p>\n<p style=\"text-align: justify;\">Cezayir haber ajans\u0131&#8217;n\u0131n &#8220;APS&#8221; haberine g\u00f6re, BM G\u00fcvenlik Konseyi Ba\u015fkanl\u0131\u011f\u0131&#8217;n\u0131n yar\u0131n sabah, per\u015fembe g\u00fcn\u00fc acil toplant\u0131 yapmas\u0131 bekleniyor.<\/p>\n","protected":false},"excerpt":{"rendered":"<p>NEW YORK (SANA) \u2013 Cezayir ve Somali, \u0130srail&#8217;in Suriye topraklar\u0131na y\u00f6nelik sald\u0131rganl\u0131klar\u0131n\u0131n sonu\u00e7lar\u0131n\u0131 g\u00f6r\u00fc\u015fmek \u00fczere BM G\u00fcvenlik Konseyi&#8217;nden acil toplant\u0131 talep etti. Cezayir resmi haber ajans\u0131 &#8220;APS&#8221;, acil oturum talebinin New York&#8217;taki Arap Grubu ile yap\u0131lan isti\u015fare ve mutabakat sonras\u0131nda geldi\u011fini bildirdi. Cezayir haber ajans\u0131&#8217;n\u0131n &#8220;APS&#8221; haberine g\u00f6re, BM G\u00fcvenlik Konseyi Ba\u015fkanl\u0131\u011f\u0131&#8217;n\u0131n yar\u0131n sabah, per\u015fembe &hellip;<\/p>\n","protected":false},"author":39,"featured_media":318523,"comment_status":"closed","ping_status":"closed","sticky":false,"template":"","format":"standard","meta":{"footnotes":""},"categories":[458,589,459,17988],"tags":[],"class_list":["post-318522","post","type-post","status-publish","format-standard","has-post-thumbnail","","category-dunya1","category-haber-seridi","category-haberler-arap-uluslararasi-politika","category-son-haberler"],"_links":{"self":[{"href":"https:\/\/archive.sana.sy\/tr\/index.php?rest_route=\/wp\/v2\/posts\/318522","targetHints":{"allow":["GET"]}}],"collection":[{"href":"https:\/\/archive.sana.sy\/tr\/index.php?rest_route=\/wp\/v2\/posts"}],"about":[{"href":"https:\/\/archive.sana.sy\/tr\/index.php?rest_route=\/wp\/v2\/types\/post"}],"author":[{"embeddable":true,"href":"https:\/\/archive.sana.sy\/tr\/index.php?rest_route=\/wp\/v2\/users\/39"}],"replies":[{"embeddable":true,"href":"https:\/\/archive.sana.sy\/tr\/index.php?rest_route=%2Fwp%2Fv2%2Fcomments&post=318522"}],"version-history":[{"count":2,"href":"https:\/\/archive.sana.sy\/tr\/index.php?rest_route=\/wp\/v2\/posts\/318522\/revisions"}],"predecessor-version":[{"id":318529,"href":"https:\/\/archive.sana.sy\/tr\/index.php?rest_route=\/wp\/v2\/posts\/318522\/revisions\/318529"}],"wp:featuredmedia":[{"embeddable":true,"href":"https:\/\/archive.sana.sy\/tr\/index.php?rest_route=\/wp\/v2\/media\/318523"}],"wp:attachment":[{"href":"https:\/\/archive.sana.sy\/tr\/index.php?rest_route=%2Fwp%2Fv2%2Fmedia&parent=318522"}],"wp:term":[{"taxonomy":"category","embeddable":true,"href":"https:\/\/archive.sana.sy\/tr\/index.php?rest_route=%2Fwp%2Fv2%2Fcategories&post=318522"},{"taxonomy":"post_tag","embeddable":true,"href":"https:\/\/archive.sana.sy\/tr\/index.php?rest_route=%2Fwp%2Fv2%2Ftags&post=318522"}],"curies":[{"name":"wp","href":"https:\/\/api.w.org\/{rel}","templated":true}]}}