{"id":318526,"date":"2025-04-09T14:58:25","date_gmt":"2025-04-09T11:58:25","guid":{"rendered":"https:\/\/sana.sy\/tr\/?p=318526"},"modified":"2025-04-09T14:58:25","modified_gmt":"2025-04-09T11:58:25","slug":"bm-yetkilisi-suriyelilerin-kuresel-dayanismaya-her-zamankinden-daha-cok-ihtiyaci-var","status":"publish","type":"post","link":"https:\/\/archive.sana.sy\/tr\/?p=318526","title":{"rendered":"BM Yetkilisi: Suriyelilerin K\u00fcresel Dayan\u0131\u015fmaya Her Zamankinden Daha \u00c7ok \u0130htiyac\u0131 Var"},"content":{"rendered":"<p style=\"text-align: justify;\"><strong><span style=\"color: #800000;\">B\u0130RLE\u015eM\u0130\u015e M\u0130LLETLER (SANA)<\/span> &#8211;<\/strong> BM Suriye Temsilci Yard\u0131mc\u0131s\u0131 Necat R\u00fc\u015fdi, Suriyelilerin her zamankinden daha fazla uluslararas\u0131 dayan\u0131\u015fmaya ihtiya\u00e7 duydu\u011funu vurgulayarak Uluslararas\u0131 toplumu, \u00f6nceki a\u015faman\u0131n etkilerinden kurtulmalar\u0131na yard\u0131mc\u0131 olmak i\u00e7in harekete ge\u00e7meye \u00e7a\u011f\u0131rd\u0131.<\/p>\n<p>R\u00fc\u015fdi ayr\u0131ca, ABD&#8217;nin Suriye&#8217;ye g\u0131da yard\u0131m\u0131n\u0131n durdurulmas\u0131 a\u00e7\u0131klamas\u0131na yan\u0131t olarak X platformunda yapt\u0131\u011f\u0131 payla\u015f\u0131mda \u015funlar\u0131 s\u00f6yledi: \u2018\u2019Bu konunun &#8220;y\u0131k\u0131c\u0131 sonu\u00e7lara yol a\u00e7ma tehlikesi ta\u015f\u0131d\u0131\u011f\u0131n\u0131&#8221; vurgulayan yetkili, Suriyelilerin hayatlar\u0131n\u0131n tehlikede oldu\u011funu kaydetti.\u2019\u2019<\/p>\n<p style=\"text-align: justify;\">R\u00fc\u015fdi a\u00e7\u0131klamas\u0131nda da, yard\u0131mlar\u0131n kesilmesinin ac\u0131lar\u0131 derinle\u015ftirece\u011fi ve istikrars\u0131zl\u0131\u011f\u0131 k\u00f6r\u00fckleyece\u011fi uyar\u0131s\u0131nda bulunarak, \u201cUluslararas\u0131 toplum, \u00f6zellikle de Suriye&#8217;nin kuzeyindeki kamplarda ya\u015fayan yakla\u015f\u0131k 1,5 milyon insan\u0131n on y\u0131ldan fazla s\u00fcren \u00e7at\u0131\u015fma ve devam eden istikrars\u0131zl\u0131ktan kurtulmaya \u00e7al\u0131\u015ft\u0131\u011f\u0131 ve \u015fimdi de temel g\u0131da yard\u0131m\u0131n\u0131 kaybetme riskiyle kar\u015f\u0131 kar\u015f\u0131ya oldu\u011fu bir d\u00f6nemde \u015fimdi harekete ge\u00e7meli\u201d ifadelerini kulland\u0131.<\/p>\n","protected":false},"excerpt":{"rendered":"<p>B\u0130RLE\u015eM\u0130\u015e M\u0130LLETLER (SANA) &#8211; BM Suriye Temsilci Yard\u0131mc\u0131s\u0131 Necat R\u00fc\u015fdi, Suriyelilerin her zamankinden daha fazla uluslararas\u0131 dayan\u0131\u015fmaya ihtiya\u00e7 duydu\u011funu vurgulayarak Uluslararas\u0131 toplumu, \u00f6nceki a\u015faman\u0131n etkilerinden kurtulmalar\u0131na yard\u0131mc\u0131 olmak i\u00e7in harekete ge\u00e7meye \u00e7a\u011f\u0131rd\u0131. R\u00fc\u015fdi ayr\u0131ca, ABD&#8217;nin Suriye&#8217;ye g\u0131da yard\u0131m\u0131n\u0131n durdurulmas\u0131 a\u00e7\u0131klamas\u0131na yan\u0131t olarak X platformunda yapt\u0131\u011f\u0131 payla\u015f\u0131mda \u015funlar\u0131 s\u00f6yledi: \u2018\u2019Bu konunun &#8220;y\u0131k\u0131c\u0131 sonu\u00e7lara yol a\u00e7ma tehlikesi &hellip;<\/p>\n","protected":false},"author":41,"featured_media":318527,"comment_status":"closed","ping_status":"closed","sticky":false,"template":"","format":"standard","meta":{"footnotes":""},"categories":[458,589,459,17988],"tags":[43701],"class_list":["post-318526","post","type-post","status-publish","format-standard","has-post-thumbnail","","category-dunya1","category-haber-seridi","category-haberler-arap-uluslararasi-politika","category-son-haberler","tag-bm-yetkilisi-suriyelilerin-kuresel-dayanismaya-her-zamankinden-daha-cok-ihtiyaci-var"],"_links":{"self":[{"href":"https:\/\/archive.sana.sy\/tr\/index.php?rest_route=\/wp\/v2\/posts\/318526","targetHints":{"allow":["GET"]}}],"collection":[{"href":"https:\/\/archive.sana.sy\/tr\/index.php?rest_route=\/wp\/v2\/posts"}],"about":[{"href":"https:\/\/archive.sana.sy\/tr\/index.php?rest_route=\/wp\/v2\/types\/post"}],"author":[{"embeddable":true,"href":"https:\/\/archive.sana.sy\/tr\/index.php?rest_route=\/wp\/v2\/users\/41"}],"replies":[{"embeddable":true,"href":"https:\/\/archive.sana.sy\/tr\/index.php?rest_route=%2Fwp%2Fv2%2Fcomments&post=318526"}],"version-history":[{"count":1,"href":"https:\/\/archive.sana.sy\/tr\/index.php?rest_route=\/wp\/v2\/posts\/318526\/revisions"}],"predecessor-version":[{"id":318528,"href":"https:\/\/archive.sana.sy\/tr\/index.php?rest_route=\/wp\/v2\/posts\/318526\/revisions\/318528"}],"wp:featuredmedia":[{"embeddable":true,"href":"https:\/\/archive.sana.sy\/tr\/index.php?rest_route=\/wp\/v2\/media\/318527"}],"wp:attachment":[{"href":"https:\/\/archive.sana.sy\/tr\/index.php?rest_route=%2Fwp%2Fv2%2Fmedia&parent=318526"}],"wp:term":[{"taxonomy":"category","embeddable":true,"href":"https:\/\/archive.sana.sy\/tr\/index.php?rest_route=%2Fwp%2Fv2%2Fcategories&post=318526"},{"taxonomy":"post_tag","embeddable":true,"href":"https:\/\/archive.sana.sy\/tr\/index.php?rest_route=%2Fwp%2Fv2%2Ftags&post=318526"}],"curies":[{"name":"wp","href":"https:\/\/api.w.org\/{rel}","templated":true}]}}