{"id":318531,"date":"2025-04-09T15:27:47","date_gmt":"2025-04-09T12:27:47","guid":{"rendered":"https:\/\/sana.sy\/tr\/?p=318531"},"modified":"2025-04-09T15:29:52","modified_gmt":"2025-04-09T12:29:52","slug":"ihio-uluslararasi-toplumu-suriyedeki-savasin-kalintilarinin-temizlenmesine-yardimci-olmaya-cagirdi","status":"publish","type":"post","link":"https:\/\/archive.sana.sy\/tr\/?p=318531","title":{"rendered":"\u0130H\u0130\u00d6, Uluslararas\u0131 Toplumu Suriye&#8217;deki Sava\u015f\u0131n Kal\u0131nt\u0131lar\u0131n\u0131n Temizlenmesine Yard\u0131mc\u0131 Olmaya \u00c7a\u011f\u0131rd\u0131"},"content":{"rendered":"<p style=\"text-align: justify;\"><span style=\"color: #800000;\"><strong>NEW YORK (SANA) \u2013 <\/strong><\/span>\u0130nsan Haklar\u0131 \u0130zleme \u00d6rg\u00fct\u00fc \u015funlar\u0131 s\u00f6yledi<strong>: \u2018\u2019<\/strong>Suriye&#8217;de on y\u0131ldan fazla s\u00fcredir devam eden \u00e7at\u0131\u015fmalar, kara may\u0131nlar\u0131 ve sava\u015ftan kalma patlay\u0131c\u0131 kal\u0131nt\u0131lar\u0131yla yayg\u0131n bir kirlili\u011fe yol a\u00e7arak, g\u00fcvenli geri d\u00f6n\u00fc\u015f ve yeniden in\u015fa \u00e7abalar\u0131n\u0131n \u00f6n\u00fcnde b\u00fcy\u00fck bir engel te\u015fkil ediyor.\u2019\u2019<\/p>\n<p style=\"text-align: justify;\">Kurulu\u015fun Kriz, \u00c7at\u0131\u015fma ve Silahlar Birimi&#8217;nde k\u0131demli ara\u015ft\u0131rmac\u0131 olan Richard Weir, kurulu\u015fun internet sitesinde yay\u0131nlanan a\u00e7\u0131klamas\u0131nda,&#8221;On y\u0131ldan uzun bir s\u00fcre sonra ilk kez, kara may\u0131nlar\u0131n\u0131 ve sava\u015ftan kalma patlay\u0131c\u0131 kal\u0131nt\u0131lar\u0131 temizleyerek Suriye&#8217;deki b\u00fcy\u00fck kirlili\u011fi sistematik olarak ele alma f\u0131rsat\u0131 var&#8221; diyerek, &#8220;May\u0131nlar\u0131 temizlemek i\u00e7in \u00fclke \u00e7ap\u0131nda acil \u00e7abalar g\u00f6sterilmezse, temel haklar\u0131n\u0131, hayatlar\u0131n\u0131, ge\u00e7im kaynaklar\u0131n\u0131 ve topraklar\u0131n\u0131 geri almak i\u00e7in evlerine d\u00f6nen daha fazla sivil yaralanacak veya \u00f6lecektir&#8221; ifadelerini kulland\u0131.<\/p>\n<p style=\"text-align: justify;\">Weir ay\u0131ca,\u00a0 &#8220;Sava\u015f\u0131n patlay\u0131c\u0131 kal\u0131nt\u0131lar\u0131n\u0131n ortadan kald\u0131r\u0131lmas\u0131 gerekiyor ki insanlar toplumlar\u0131na geri d\u00f6nebilsin, g\u00fcvenli bir \u015fekilde ya\u015fayabilsin ve tar\u0131m gibi ge\u00e7im kaynaklar\u0131 i\u00e7in hayati \u00f6nem ta\u015f\u0131yan faaliyetlerde bulunabilsin&#8221; ifadelerini kullan\u0131rken, ba\u011f\u0131\u015f\u00e7\u0131lar\u0131n ve insani yard\u0131m kurulu\u015flar\u0131n\u0131n, bu acil ve hayat kurtar\u0131c\u0131 \u00e7al\u0131\u015fmay\u0131 kolayla\u015ft\u0131rmak i\u00e7in ge\u00e7i\u015f h\u00fck\u00fcmetiyle birlikte \u00e7al\u0131\u015fmalar\u0131 gerekti\u011fini kaydetti.<\/p>\n","protected":false},"excerpt":{"rendered":"<p>NEW YORK (SANA) \u2013 \u0130nsan Haklar\u0131 \u0130zleme \u00d6rg\u00fct\u00fc \u015funlar\u0131 s\u00f6yledi: \u2018\u2019Suriye&#8217;de on y\u0131ldan fazla s\u00fcredir devam eden \u00e7at\u0131\u015fmalar, kara may\u0131nlar\u0131 ve sava\u015ftan kalma patlay\u0131c\u0131 kal\u0131nt\u0131lar\u0131yla yayg\u0131n bir kirlili\u011fe yol a\u00e7arak, g\u00fcvenli geri d\u00f6n\u00fc\u015f ve yeniden in\u015fa \u00e7abalar\u0131n\u0131n \u00f6n\u00fcnde b\u00fcy\u00fck bir engel te\u015fkil ediyor.\u2019\u2019 Kurulu\u015fun Kriz, \u00c7at\u0131\u015fma ve Silahlar Birimi&#8217;nde k\u0131demli ara\u015ft\u0131rmac\u0131 olan Richard Weir, kurulu\u015fun &hellip;<\/p>\n","protected":false},"author":41,"featured_media":318532,"comment_status":"closed","ping_status":"closed","sticky":false,"template":"","format":"standard","meta":{"footnotes":""},"categories":[458,589,459,17988],"tags":[],"class_list":["post-318531","post","type-post","status-publish","format-standard","has-post-thumbnail","","category-dunya1","category-haber-seridi","category-haberler-arap-uluslararasi-politika","category-son-haberler"],"_links":{"self":[{"href":"https:\/\/archive.sana.sy\/tr\/index.php?rest_route=\/wp\/v2\/posts\/318531","targetHints":{"allow":["GET"]}}],"collection":[{"href":"https:\/\/archive.sana.sy\/tr\/index.php?rest_route=\/wp\/v2\/posts"}],"about":[{"href":"https:\/\/archive.sana.sy\/tr\/index.php?rest_route=\/wp\/v2\/types\/post"}],"author":[{"embeddable":true,"href":"https:\/\/archive.sana.sy\/tr\/index.php?rest_route=\/wp\/v2\/users\/41"}],"replies":[{"embeddable":true,"href":"https:\/\/archive.sana.sy\/tr\/index.php?rest_route=%2Fwp%2Fv2%2Fcomments&post=318531"}],"version-history":[{"count":1,"href":"https:\/\/archive.sana.sy\/tr\/index.php?rest_route=\/wp\/v2\/posts\/318531\/revisions"}],"predecessor-version":[{"id":318533,"href":"https:\/\/archive.sana.sy\/tr\/index.php?rest_route=\/wp\/v2\/posts\/318531\/revisions\/318533"}],"wp:featuredmedia":[{"embeddable":true,"href":"https:\/\/archive.sana.sy\/tr\/index.php?rest_route=\/wp\/v2\/media\/318532"}],"wp:attachment":[{"href":"https:\/\/archive.sana.sy\/tr\/index.php?rest_route=%2Fwp%2Fv2%2Fmedia&parent=318531"}],"wp:term":[{"taxonomy":"category","embeddable":true,"href":"https:\/\/archive.sana.sy\/tr\/index.php?rest_route=%2Fwp%2Fv2%2Fcategories&post=318531"},{"taxonomy":"post_tag","embeddable":true,"href":"https:\/\/archive.sana.sy\/tr\/index.php?rest_route=%2Fwp%2Fv2%2Ftags&post=318531"}],"curies":[{"name":"wp","href":"https:\/\/api.w.org\/{rel}","templated":true}]}}