{"id":318582,"date":"2025-04-09T10:20:20","date_gmt":"2025-04-09T07:20:20","guid":{"rendered":"https:\/\/sana.sy\/tr\/?p=318582"},"modified":"2025-04-10T10:26:08","modified_gmt":"2025-04-10T07:26:08","slug":"cableh-kenti-kirsalinda-el-sen-su-pompalarini-besleyen-orta-gerilim-hattinin-degistirilmesi-projesi-hayata-gecirildi","status":"publish","type":"post","link":"https:\/\/archive.sana.sy\/tr\/?p=318582","title":{"rendered":"Cableh Kenti K\u0131rsal\u0131nda El Sin Su Pompalar\u0131n\u0131 Besleyen Orta Gerilim Hatt\u0131n\u0131n De\u011fi\u015ftirilmesi Projesi Hayata Ge\u00e7irildi"},"content":{"rendered":"<p style=\"text-align: justify;\"><strong>LAZK\u0130YE (SANA) \u2013<\/strong> Suriye K\u0131z\u0131lay\u0131 ve Uluslararas\u0131 K\u0131z\u0131lha\u00e7&#8217;\u0131n i\u015fbirli\u011fiyle, Lazkiye Genel Elektrik \u015eirketi&#8217;nin g\u00f6zetiminde, Lazkiye ve Tartus vilayetlerine su sa\u011flayan El Sin su pompalar\u0131n\u0131 besleyen orta gerilim hatt\u0131n\u0131n de\u011fi\u015ftirilmesi projesi hayata ge\u00e7irildi.<\/p>\n<div id='gallery-1' class='gallery galleryid-318582 gallery-columns-1 gallery-size-full'><figure class='gallery-item'>\n\t\t\t<div class='gallery-icon landscape'>\n\t\t\t\t<a href='https:\/\/archive.sana.sy\/tr\/wp-content\/uploads\/2025\/04\/2-10.jpg'><img loading=\"lazy\" decoding=\"async\" width=\"660\" height=\"459\" src=\"https:\/\/archive.sana.sy\/tr\/wp-content\/uploads\/2025\/04\/2-10.jpg\" class=\"attachment-full size-full\" alt=\"\" srcset=\"https:\/\/archive.sana.sy\/tr\/wp-content\/uploads\/2025\/04\/2-10.jpg 660w, https:\/\/archive.sana.sy\/tr\/wp-content\/uploads\/2025\/04\/2-10-300x209.jpg 300w\" sizes=\"auto, (max-width: 660px) 100vw, 660px\" \/><\/a>\n\t\t\t<\/div><\/figure><figure class='gallery-item'>\n\t\t\t<div class='gallery-icon landscape'>\n\t\t\t\t<a href='https:\/\/archive.sana.sy\/tr\/wp-content\/uploads\/2025\/04\/3-8.jpg'><img loading=\"lazy\" decoding=\"async\" width=\"660\" height=\"466\" src=\"https:\/\/archive.sana.sy\/tr\/wp-content\/uploads\/2025\/04\/3-8.jpg\" class=\"attachment-full size-full\" alt=\"\" srcset=\"https:\/\/archive.sana.sy\/tr\/wp-content\/uploads\/2025\/04\/3-8.jpg 660w, https:\/\/archive.sana.sy\/tr\/wp-content\/uploads\/2025\/04\/3-8-300x212.jpg 300w\" sizes=\"auto, (max-width: 660px) 100vw, 660px\" \/><\/a>\n\t\t\t<\/div><\/figure><figure class='gallery-item'>\n\t\t\t<div class='gallery-icon landscape'>\n\t\t\t\t<a href='https:\/\/archive.sana.sy\/tr\/wp-content\/uploads\/2025\/04\/4-7.jpg'><img loading=\"lazy\" decoding=\"async\" width=\"660\" height=\"485\" src=\"https:\/\/archive.sana.sy\/tr\/wp-content\/uploads\/2025\/04\/4-7.jpg\" class=\"attachment-full size-full\" alt=\"\" srcset=\"https:\/\/archive.sana.sy\/tr\/wp-content\/uploads\/2025\/04\/4-7.jpg 660w, https:\/\/archive.sana.sy\/tr\/wp-content\/uploads\/2025\/04\/4-7-300x220.jpg 300w\" sizes=\"auto, (max-width: 660px) 100vw, 660px\" \/><\/a>\n\t\t\t<\/div><\/figure><figure class='gallery-item'>\n\t\t\t<div class='gallery-icon landscape'>\n\t\t\t\t<a href='https:\/\/archive.sana.sy\/tr\/wp-content\/uploads\/2025\/04\/5-4.jpg'><img loading=\"lazy\" decoding=\"async\" width=\"660\" height=\"472\" src=\"https:\/\/archive.sana.sy\/tr\/wp-content\/uploads\/2025\/04\/5-4.jpg\" class=\"attachment-full size-full\" alt=\"\" srcset=\"https:\/\/archive.sana.sy\/tr\/wp-content\/uploads\/2025\/04\/5-4.jpg 660w, https:\/\/archive.sana.sy\/tr\/wp-content\/uploads\/2025\/04\/5-4-300x215.jpg 300w\" sizes=\"auto, (max-width: 660px) 100vw, 660px\" \/><\/a>\n\t\t\t<\/div><\/figure>\n\t\t<\/div>\n\n","protected":false},"excerpt":{"rendered":"<p>LAZK\u0130YE (SANA) \u2013 Suriye K\u0131z\u0131lay\u0131 ve Uluslararas\u0131 K\u0131z\u0131lha\u00e7&#8217;\u0131n i\u015fbirli\u011fiyle, Lazkiye Genel Elektrik \u015eirketi&#8217;nin g\u00f6zetiminde, Lazkiye ve Tartus vilayetlerine su sa\u011flayan El Sin su pompalar\u0131n\u0131 besleyen orta gerilim hatt\u0131n\u0131n de\u011fi\u015ftirilmesi projesi hayata ge\u00e7irildi.<\/p>\n","protected":false},"author":39,"featured_media":318583,"comment_status":"closed","ping_status":"closed","sticky":false,"template":"","format":"standard","meta":{"footnotes":""},"categories":[596,589,479,17988,478],"tags":[],"class_list":["post-318582","post","type-post","status-publish","format-standard","has-post-thumbnail","","category-fotografli-raporlar","category-haber-seridi","category-haberler-yerel","category-son-haberler","category-yerel"],"_links":{"self":[{"href":"https:\/\/archive.sana.sy\/tr\/index.php?rest_route=\/wp\/v2\/posts\/318582","targetHints":{"allow":["GET"]}}],"collection":[{"href":"https:\/\/archive.sana.sy\/tr\/index.php?rest_route=\/wp\/v2\/posts"}],"about":[{"href":"https:\/\/archive.sana.sy\/tr\/index.php?rest_route=\/wp\/v2\/types\/post"}],"author":[{"embeddable":true,"href":"https:\/\/archive.sana.sy\/tr\/index.php?rest_route=\/wp\/v2\/users\/39"}],"replies":[{"embeddable":true,"href":"https:\/\/archive.sana.sy\/tr\/index.php?rest_route=%2Fwp%2Fv2%2Fcomments&post=318582"}],"version-history":[{"count":2,"href":"https:\/\/archive.sana.sy\/tr\/index.php?rest_route=\/wp\/v2\/posts\/318582\/revisions"}],"predecessor-version":[{"id":318589,"href":"https:\/\/archive.sana.sy\/tr\/index.php?rest_route=\/wp\/v2\/posts\/318582\/revisions\/318589"}],"wp:featuredmedia":[{"embeddable":true,"href":"https:\/\/archive.sana.sy\/tr\/index.php?rest_route=\/wp\/v2\/media\/318583"}],"wp:attachment":[{"href":"https:\/\/archive.sana.sy\/tr\/index.php?rest_route=%2Fwp%2Fv2%2Fmedia&parent=318582"}],"wp:term":[{"taxonomy":"category","embeddable":true,"href":"https:\/\/archive.sana.sy\/tr\/index.php?rest_route=%2Fwp%2Fv2%2Fcategories&post=318582"},{"taxonomy":"post_tag","embeddable":true,"href":"https:\/\/archive.sana.sy\/tr\/index.php?rest_route=%2Fwp%2Fv2%2Ftags&post=318582"}],"curies":[{"name":"wp","href":"https:\/\/api.w.org\/{rel}","templated":true}]}}