{"id":31861,"date":"2015-05-03T19:02:49","date_gmt":"2015-05-03T16:02:49","guid":{"rendered":"http:\/\/www.sana.sy\/tr\/?p=31861"},"modified":"2015-05-03T20:10:04","modified_gmt":"2015-05-03T17:10:04","slug":"mersinli-kitleler-turkiye-rejiminin-destegi-ile-islenen-soykirimi-lanetledi","status":"publish","type":"post","link":"https:\/\/archive.sana.sy\/tr\/?p=31861","title":{"rendered":"Mersinli Kitleler T\u00fcrkiye Rejiminin Deste\u011fi \u0130le \u0130\u015flenen Soyk\u0131r\u0131m\u0131 Lanetledi"},"content":{"rendered":"<p>MERS\u0130N \u2013 Klikya Nehir Sosyal Dayan\u0131\u015fma ve K\u00fclt\u00fcr Derne\u011finin Mersin \u015eubesi d\u00fcn Forum Havuzba\u015f\u0131 \u00d6n\u00fcnde d\u00fczenledi\u011fi g\u00f6steriye kat\u0131lan kitleler; T\u00fcrkiye rejiminin destekledi\u011fi ter\u00f6r \u00e7etelerinin \u0130dlib k\u0131rsal\u0131 \u0130\u015ftebrak Beldesinde i\u015fledi\u011fi katliam\u0131 protesto etti.<\/p>\n<p>Suriye topraklar\u0131nda T\u00fcrkiye s\u0131n\u0131r\u0131na sadece 10 km uzakl\u0131kta \u0130\u015ftebrak k\u00f6y\u00fcnde T\u00fcrkiye\u2019nin destekledi\u011fi ter\u00f6r \u00e7etelerinin i\u015fledi\u011fi katliam\u0131 lanetleyen kitleler, Suriye&#8217;de Alevi halka y\u00f6nelik i\u015flenen soyk\u0131r\u0131m kar\u015f\u0131s\u0131nda sessiz kalmayacaklar\u0131n\u0131 hayk\u0131rd\u0131lar.<\/p>\n<p>G\u00f6steride bir konu\u015fma yanan Nehir Sosyal Dayan\u0131\u015fma ve K\u00fclt\u00fcr Derne\u011fi Ba\u015fkan\u0131 Ahmet \u00d6zu\u011furlu, Suriyelilere kar\u015f\u0131 yap\u0131lanlar\u0131n katliamdan \u00e7ok daha fazlas\u0131 oldu\u011funu ve Suriyelileri hedef alan sald\u0131r\u0131lar\u0131n sonu\u00e7lar\u0131n\u0131 kar\u015f\u0131layacak kelimenin soyk\u0131r\u0131m oldu\u011funu vurgulad\u0131.<\/p>\n<p>Suriye&#8217;de demokrasi m\u00fccadelesi veren bir muhalefet bulunmad\u0131\u011f\u0131n\u0131n alt\u0131n\u0131 \u00e7izen \u00d6zu\u011furlu, Suriye&#8217;de ya\u015fanan olaylar\u0131n farkl\u0131 \u00fclkelerden toplanan katil s\u00fcr\u00fclerinin Suriye halk\u0131n\u0131 vah\u015fice katletme faaliyetleri olarak tan\u0131mlanabilece\u011fini ve uluslararas\u0131 toplumun bu soyk\u0131r\u0131m kar\u015f\u0131s\u0131nda sessiz kalmamas\u0131 gerekti\u011fini vurgulad\u0131.<\/p>\n<p>T\u00fcrkiye iktidar\u0131n\u0131n bu katil s\u00fcr\u00fclerine e\u011fitim ve silah deste\u011fi vermesinin \u00f6n\u00fcne ge\u00e7ememenin b\u00fcy\u00fck bir \u00fcz\u00fcnt\u00fc kayna\u011f\u0131 oldu\u011funu dile getiren \u00d6zu\u011furlu, katliamlara destek verenlerin yarg\u0131lanmalar\u0131 ve hak ettikleri cezalar\u0131 almalar\u0131 i\u00e7in kamuoyuna ve uluslararas\u0131 topluma sessiz kalmama \u00e7a\u011fr\u0131s\u0131nda bulundu.<\/p>\n<p>Ayr\u0131ca Nehir Sosyal Dayan\u0131\u015fma ve K\u00fclt\u00fcr Derne\u011fi, Suriye&#8217;de hayat\u0131n\u0131 kaybeden masum insanlar i\u00e7in d\u00fcn Mersin\u2019deki binas\u0131nda mevlit okuma t\u00f6reni d\u00fczenledi.<\/p>\n<div id='gallery-1' class='gallery galleryid-31861 gallery-columns-3 gallery-size-thumbnail'><figure class='gallery-item'>\n\t\t\t<div class='gallery-icon landscape'>\n\t\t\t\t<a href='https:\/\/archive.sana.sy\/tr\/wp-content\/uploads\/2015\/05\/foto3.jpg'><img loading=\"lazy\" decoding=\"async\" width=\"150\" height=\"100\" src=\"https:\/\/archive.sana.sy\/tr\/wp-content\/uploads\/2015\/05\/foto3-150x100.jpg\" class=\"attachment-thumbnail size-thumbnail\" alt=\"\" srcset=\"https:\/\/archive.sana.sy\/tr\/wp-content\/uploads\/2015\/05\/foto3-150x100.jpg 150w, https:\/\/archive.sana.sy\/tr\/wp-content\/uploads\/2015\/05\/foto3-300x200.jpg 300w, https:\/\/archive.sana.sy\/tr\/wp-content\/uploads\/2015\/05\/foto3.jpg 960w\" sizes=\"auto, (max-width: 150px) 100vw, 150px\" \/><\/a>\n\t\t\t<\/div><\/figure><figure class='gallery-item'>\n\t\t\t<div class='gallery-icon landscape'>\n\t\t\t\t<a href='https:\/\/archive.sana.sy\/tr\/wp-content\/uploads\/2015\/05\/foto7.jpg'><img loading=\"lazy\" decoding=\"async\" width=\"150\" height=\"100\" src=\"https:\/\/archive.sana.sy\/tr\/wp-content\/uploads\/2015\/05\/foto7-150x100.jpg\" class=\"attachment-thumbnail size-thumbnail\" alt=\"\" srcset=\"https:\/\/archive.sana.sy\/tr\/wp-content\/uploads\/2015\/05\/foto7-150x100.jpg 150w, https:\/\/archive.sana.sy\/tr\/wp-content\/uploads\/2015\/05\/foto7-300x200.jpg 300w, https:\/\/archive.sana.sy\/tr\/wp-content\/uploads\/2015\/05\/foto7.jpg 960w\" sizes=\"auto, (max-width: 150px) 100vw, 150px\" \/><\/a>\n\t\t\t<\/div><\/figure><figure class='gallery-item'>\n\t\t\t<div class='gallery-icon landscape'>\n\t\t\t\t<a href='https:\/\/archive.sana.sy\/tr\/wp-content\/uploads\/2015\/05\/foto8.jpg'><img loading=\"lazy\" decoding=\"async\" width=\"150\" height=\"100\" src=\"https:\/\/archive.sana.sy\/tr\/wp-content\/uploads\/2015\/05\/foto8-150x100.jpg\" class=\"attachment-thumbnail size-thumbnail\" alt=\"\" srcset=\"https:\/\/archive.sana.sy\/tr\/wp-content\/uploads\/2015\/05\/foto8-150x100.jpg 150w, https:\/\/archive.sana.sy\/tr\/wp-content\/uploads\/2015\/05\/foto8-300x200.jpg 300w, https:\/\/archive.sana.sy\/tr\/wp-content\/uploads\/2015\/05\/foto8.jpg 960w\" sizes=\"auto, (max-width: 150px) 100vw, 150px\" \/><\/a>\n\t\t\t<\/div><\/figure>\n\t\t<\/div>\n\n<p>&nbsp;<\/p>\n<p>A.A. &#8211; M.M.<\/p>\n","protected":false},"excerpt":{"rendered":"<p>MERS\u0130N \u2013 Klikya Nehir Sosyal Dayan\u0131\u015fma ve K\u00fclt\u00fcr Derne\u011finin Mersin \u015eubesi d\u00fcn Forum Havuzba\u015f\u0131 \u00d6n\u00fcnde d\u00fczenledi\u011fi g\u00f6steriye kat\u0131lan kitleler; T\u00fcrkiye rejiminin destekledi\u011fi ter\u00f6r \u00e7etelerinin \u0130dlib k\u0131rsal\u0131 \u0130\u015ftebrak Beldesinde i\u015fledi\u011fi katliam\u0131 protesto etti. Suriye topraklar\u0131nda T\u00fcrkiye s\u0131n\u0131r\u0131na sadece 10 km uzakl\u0131kta \u0130\u015ftebrak k\u00f6y\u00fcnde T\u00fcrkiye\u2019nin destekledi\u011fi ter\u00f6r \u00e7etelerinin i\u015fledi\u011fi katliam\u0131 lanetleyen kitleler, Suriye&#8217;de Alevi halka y\u00f6nelik i\u015flenen &hellip;<\/p>\n","protected":false},"author":1,"featured_media":31873,"comment_status":"closed","ping_status":"closed","sticky":false,"template":"","format":"standard","meta":{"footnotes":""},"categories":[458,459,447,2554,2555],"tags":[14252],"class_list":["post-31861","post","type-post","status-publish","format-standard","has-post-thumbnail","","category-dunya1","category-haberler-arap-uluslararasi-politika","category-politika","category-suriye-ve-dunya","category-suriye-ve-turkiye","tag-mersinli-kitleler-turkiye-rejiminin-destegi-ile-islenen-soykirimi-lanetledi"],"_links":{"self":[{"href":"https:\/\/archive.sana.sy\/tr\/index.php?rest_route=\/wp\/v2\/posts\/31861","targetHints":{"allow":["GET"]}}],"collection":[{"href":"https:\/\/archive.sana.sy\/tr\/index.php?rest_route=\/wp\/v2\/posts"}],"about":[{"href":"https:\/\/archive.sana.sy\/tr\/index.php?rest_route=\/wp\/v2\/types\/post"}],"author":[{"embeddable":true,"href":"https:\/\/archive.sana.sy\/tr\/index.php?rest_route=\/wp\/v2\/users\/1"}],"replies":[{"embeddable":true,"href":"https:\/\/archive.sana.sy\/tr\/index.php?rest_route=%2Fwp%2Fv2%2Fcomments&post=31861"}],"version-history":[{"count":0,"href":"https:\/\/archive.sana.sy\/tr\/index.php?rest_route=\/wp\/v2\/posts\/31861\/revisions"}],"wp:featuredmedia":[{"embeddable":true,"href":"https:\/\/archive.sana.sy\/tr\/index.php?rest_route=\/wp\/v2\/media\/31873"}],"wp:attachment":[{"href":"https:\/\/archive.sana.sy\/tr\/index.php?rest_route=%2Fwp%2Fv2%2Fmedia&parent=31861"}],"wp:term":[{"taxonomy":"category","embeddable":true,"href":"https:\/\/archive.sana.sy\/tr\/index.php?rest_route=%2Fwp%2Fv2%2Fcategories&post=31861"},{"taxonomy":"post_tag","embeddable":true,"href":"https:\/\/archive.sana.sy\/tr\/index.php?rest_route=%2Fwp%2Fv2%2Ftags&post=31861"}],"curies":[{"name":"wp","href":"https:\/\/api.w.org\/{rel}","templated":true}]}}