{"id":318618,"date":"2025-04-11T08:00:42","date_gmt":"2025-04-11T05:00:42","guid":{"rendered":"https:\/\/sana.sy\/tr\/?p=318618"},"modified":"2025-04-11T10:01:00","modified_gmt":"2025-04-11T07:01:00","slug":"bm-israilin-suriye-topraklarina-yonelik-saldirilari-kabul-edilemez","status":"publish","type":"post","link":"https:\/\/archive.sana.sy\/tr\/?p=318618","title":{"rendered":"BM: \u0130srail&#8217;in Suriye Topraklar\u0131na Y\u00f6nelik Sald\u0131r\u0131lar\u0131 Kabul Edilemez"},"content":{"rendered":"<p style=\"text-align: justify;\"><span style=\"color: #800000;\"><strong>NEW YORK <\/strong><strong>(SANA)<\/strong> &#8211;<\/span> Birle\u015fmi\u015f Milletler Ortado\u011fu, Asya ve Pasifik&#8217;ten Sorumlu Genel Sekreter Yard\u0131mc\u0131s\u0131 Halid Hayari, uluslararas\u0131 \u00f6rg\u00fct\u00fcn \u0130srail&#8217;in Suriye topraklar\u0131na y\u00f6nelik sald\u0131r\u0131lar\u0131n\u0131 reddetti\u011fini belirterek, \u0130srail&#8217;in Suriye&#8217;de kalmay\u0131 planlad\u0131\u011f\u0131n\u0131, bunun \u00fclkenin istikrar\u0131n\u0131 tehdit etti\u011fini ve uluslararas\u0131 anla\u015fmalara ayk\u0131r\u0131 oldu\u011funu belirtti.<\/p>\n<p style=\"text-align: justify;\">Hayari, \u0130srail&#8217;in Suriye&#8217;ye y\u00f6nelik sald\u0131r\u0131lar\u0131yla ilgili olarak bug\u00fcn G\u00fcvenlik Konseyi&#8217;nde d\u00fczenlenen acil toplant\u0131da \u015funlar\u0131 s\u00f6yledi: \u201cEsad rejiminin ge\u00e7en Aral\u0131k ay\u0131nda devrilmesinden bu yana, 1974 Ayr\u0131lma Anla\u015fmas\u0131 ile ilgili olarak G\u00fcvenlik Konseyine periyodik olarak bir dizi rapor sunuldu ve Genel Sekreter, bu anla\u015fmayla uyu\u015fmayan eylemleri k\u0131nad\u0131. \u0130srail&#8217;in Suriye&#8217;ye y\u00f6nelik sald\u0131r\u0131lar\u0131na ili\u015fkin y\u00fczlerce rapor var. \u0130srail, bu sald\u0131r\u0131lar\u0131n sadece gelece\u011fe y\u00f6nelik bir uyar\u0131 oldu\u011funu ilan ederken, Golan Tepeleri&#8217;ndeki tampon b\u00f6lgede \u00e7ok say\u0131da \u00fcs in\u015fa etti\u011fini duyurdu. \u0130srailli otoriteler ayr\u0131ca \u00f6ng\u00f6r\u00fclebilir gelecekte Suriye&#8217;de kalma niyetlerini dile getirdiler. Bu durum Suriye&#8217;deki siyasi ge\u00e7i\u015fi tehdit ediyor.&#8221;<\/p>\n<p style=\"text-align: justify;\">Hayari, G\u00fcvenlik Konseyi&#8217;nin ge\u00e7en ay yay\u0131nlad\u0131\u011f\u0131 herkesin Suriye&#8217;nin egemenli\u011fine, ba\u011f\u0131ms\u0131zl\u0131\u011f\u0131na, birli\u011fine ve toprak b\u00fct\u00fcnl\u00fc\u011f\u00fcne olan ba\u011fl\u0131l\u0131\u011f\u0131n\u0131 ve Suriye&#8217;yi istikrars\u0131zla\u015ft\u0131racak hi\u00e7bir \u00f6nlem al\u0131nmamas\u0131n\u0131 ve i\u015flerine m\u00fcdahale edilmemesini vurgulayan ba\u015fkanl\u0131k a\u00e7\u0131klamas\u0131n\u0131 hat\u0131rlatt\u0131 ve Suriye&#8217;de 14 y\u0131ll\u0131k sava\u015f\u0131n ard\u0131ndan istikrar f\u0131rsat\u0131n\u0131n desteklenmesi gerekti\u011fini belirten Hayari, Suriye halk\u0131n\u0131n sava\u015f\u0131n sonu\u00e7lar\u0131n\u0131 a\u015fabilmesini, ekonominin canlanmas\u0131n\u0131, me\u015fru \u00f6zlemlerine kavu\u015fmas\u0131n\u0131 ve b\u00f6lgesel istikrara katk\u0131da bulunmas\u0131n\u0131 sa\u011flayacak kapsay\u0131c\u0131 bir siyasi ge\u00e7i\u015f i\u00e7in \u00e7al\u0131\u015fmaya devam edilmesi gerekti\u011fini kaydetti.<\/p>\n","protected":false},"excerpt":{"rendered":"<p>NEW YORK (SANA) &#8211; Birle\u015fmi\u015f Milletler Ortado\u011fu, Asya ve Pasifik&#8217;ten Sorumlu Genel Sekreter Yard\u0131mc\u0131s\u0131 Halid Hayari, uluslararas\u0131 \u00f6rg\u00fct\u00fcn \u0130srail&#8217;in Suriye topraklar\u0131na y\u00f6nelik sald\u0131r\u0131lar\u0131n\u0131 reddetti\u011fini belirterek, \u0130srail&#8217;in Suriye&#8217;de kalmay\u0131 planlad\u0131\u011f\u0131n\u0131, bunun \u00fclkenin istikrar\u0131n\u0131 tehdit etti\u011fini ve uluslararas\u0131 anla\u015fmalara ayk\u0131r\u0131 oldu\u011funu belirtti. Hayari, \u0130srail&#8217;in Suriye&#8217;ye y\u00f6nelik sald\u0131r\u0131lar\u0131yla ilgili olarak bug\u00fcn G\u00fcvenlik Konseyi&#8217;nde d\u00fczenlenen acil toplant\u0131da \u015funlar\u0131 s\u00f6yledi: &hellip;<\/p>\n","protected":false},"author":44,"featured_media":318619,"comment_status":"closed","ping_status":"closed","sticky":false,"template":"","format":"standard","meta":{"footnotes":""},"categories":[458,589,459,17988],"tags":[43702],"class_list":["post-318618","post","type-post","status-publish","format-standard","has-post-thumbnail","","category-dunya1","category-haber-seridi","category-haberler-arap-uluslararasi-politika","category-son-haberler","tag-bm-israilin-suriye-topraklarina-yonelik-saldirilari-kabul-edilemez"],"_links":{"self":[{"href":"https:\/\/archive.sana.sy\/tr\/index.php?rest_route=\/wp\/v2\/posts\/318618","targetHints":{"allow":["GET"]}}],"collection":[{"href":"https:\/\/archive.sana.sy\/tr\/index.php?rest_route=\/wp\/v2\/posts"}],"about":[{"href":"https:\/\/archive.sana.sy\/tr\/index.php?rest_route=\/wp\/v2\/types\/post"}],"author":[{"embeddable":true,"href":"https:\/\/archive.sana.sy\/tr\/index.php?rest_route=\/wp\/v2\/users\/44"}],"replies":[{"embeddable":true,"href":"https:\/\/archive.sana.sy\/tr\/index.php?rest_route=%2Fwp%2Fv2%2Fcomments&post=318618"}],"version-history":[{"count":1,"href":"https:\/\/archive.sana.sy\/tr\/index.php?rest_route=\/wp\/v2\/posts\/318618\/revisions"}],"predecessor-version":[{"id":318620,"href":"https:\/\/archive.sana.sy\/tr\/index.php?rest_route=\/wp\/v2\/posts\/318618\/revisions\/318620"}],"wp:featuredmedia":[{"embeddable":true,"href":"https:\/\/archive.sana.sy\/tr\/index.php?rest_route=\/wp\/v2\/media\/318619"}],"wp:attachment":[{"href":"https:\/\/archive.sana.sy\/tr\/index.php?rest_route=%2Fwp%2Fv2%2Fmedia&parent=318618"}],"wp:term":[{"taxonomy":"category","embeddable":true,"href":"https:\/\/archive.sana.sy\/tr\/index.php?rest_route=%2Fwp%2Fv2%2Fcategories&post=318618"},{"taxonomy":"post_tag","embeddable":true,"href":"https:\/\/archive.sana.sy\/tr\/index.php?rest_route=%2Fwp%2Fv2%2Ftags&post=318618"}],"curies":[{"name":"wp","href":"https:\/\/api.w.org\/{rel}","templated":true}]}}