{"id":318621,"date":"2025-04-11T08:02:17","date_gmt":"2025-04-11T05:02:17","guid":{"rendered":"https:\/\/sana.sy\/tr\/?p=318621"},"modified":"2025-04-12T10:45:41","modified_gmt":"2025-04-12T07:45:41","slug":"cumhurbaskani-el-sara-ve-bakan-el-seybani-kore-cumhuriyetinden-ust-duzey-bir-heyeti-kabul-etti","status":"publish","type":"post","link":"https:\/\/archive.sana.sy\/tr\/?p=318621","title":{"rendered":"Cumhurba\u015fkan\u0131 El \u015eara Ve Bakan El \u015eeybani, Kore Cumhuriyeti&#8217;nden \u00dcst D\u00fczey Bir Heyeti Kabul Etti"},"content":{"rendered":"<p style=\"text-align: justify;\"><span style=\"color: #800000;\"><strong>\u015eAM (SANA) &#8211;<\/strong> \u00a0<\/span>Cumhurba\u015fkan\u0131 Ahmed El \u015eara ve D\u0131\u015fi\u015fleri Bakan\u0131 Asaad El \u015eeybani, D\u0131\u015fi\u015fleri Bakan\u0131 Cho Tae-yul ba\u015fkanl\u0131\u011f\u0131ndaki Kore Cumhuriyeti&#8217;nden \u00fcst d\u00fczey bir heyeti kabul etti.<\/p>\n<div id='gallery-1' class='gallery galleryid-318621 gallery-columns-1 gallery-size-full'><figure class='gallery-item'>\n\t\t\t<div class='gallery-icon landscape'>\n\t\t\t\t<a href='https:\/\/archive.sana.sy\/tr\/?attachment_id=318622'><img loading=\"lazy\" decoding=\"async\" width=\"2560\" height=\"1437\" src=\"https:\/\/archive.sana.sy\/tr\/wp-content\/uploads\/2025\/04\/photo_2_2025-04-10_18-40-38.jpg\" class=\"attachment-full size-full\" alt=\"\" srcset=\"https:\/\/archive.sana.sy\/tr\/wp-content\/uploads\/2025\/04\/photo_2_2025-04-10_18-40-38.jpg 2560w, https:\/\/archive.sana.sy\/tr\/wp-content\/uploads\/2025\/04\/photo_2_2025-04-10_18-40-38-300x168.jpg 300w, https:\/\/archive.sana.sy\/tr\/wp-content\/uploads\/2025\/04\/photo_2_2025-04-10_18-40-38-1024x575.jpg 1024w, https:\/\/archive.sana.sy\/tr\/wp-content\/uploads\/2025\/04\/photo_2_2025-04-10_18-40-38-768x431.jpg 768w, https:\/\/archive.sana.sy\/tr\/wp-content\/uploads\/2025\/04\/photo_2_2025-04-10_18-40-38-1536x862.jpg 1536w, https:\/\/archive.sana.sy\/tr\/wp-content\/uploads\/2025\/04\/photo_2_2025-04-10_18-40-38-2048x1150.jpg 2048w\" sizes=\"auto, (max-width: 2560px) 100vw, 2560px\" \/><\/a>\n\t\t\t<\/div><\/figure><figure class='gallery-item'>\n\t\t\t<div class='gallery-icon landscape'>\n\t\t\t\t<a href='https:\/\/archive.sana.sy\/tr\/?attachment_id=318623'><img loading=\"lazy\" decoding=\"async\" width=\"2560\" height=\"1437\" src=\"https:\/\/archive.sana.sy\/tr\/wp-content\/uploads\/2025\/04\/photo_1_2025-04-10_18-40-38.jpg\" class=\"attachment-full size-full\" alt=\"\" srcset=\"https:\/\/archive.sana.sy\/tr\/wp-content\/uploads\/2025\/04\/photo_1_2025-04-10_18-40-38.jpg 2560w, https:\/\/archive.sana.sy\/tr\/wp-content\/uploads\/2025\/04\/photo_1_2025-04-10_18-40-38-300x168.jpg 300w, https:\/\/archive.sana.sy\/tr\/wp-content\/uploads\/2025\/04\/photo_1_2025-04-10_18-40-38-1024x575.jpg 1024w, https:\/\/archive.sana.sy\/tr\/wp-content\/uploads\/2025\/04\/photo_1_2025-04-10_18-40-38-768x431.jpg 768w, https:\/\/archive.sana.sy\/tr\/wp-content\/uploads\/2025\/04\/photo_1_2025-04-10_18-40-38-1536x862.jpg 1536w, https:\/\/archive.sana.sy\/tr\/wp-content\/uploads\/2025\/04\/photo_1_2025-04-10_18-40-38-2048x1150.jpg 2048w\" sizes=\"auto, (max-width: 2560px) 100vw, 2560px\" \/><\/a>\n\t\t\t<\/div><\/figure><figure class='gallery-item'>\n\t\t\t<div class='gallery-icon landscape'>\n\t\t\t\t<a href='https:\/\/archive.sana.sy\/tr\/?attachment_id=318624'><img loading=\"lazy\" decoding=\"async\" width=\"2560\" height=\"1437\" src=\"https:\/\/archive.sana.sy\/tr\/wp-content\/uploads\/2025\/04\/photo_5_2025-04-10_18-40-38.jpg\" class=\"attachment-full size-full\" alt=\"\" srcset=\"https:\/\/archive.sana.sy\/tr\/wp-content\/uploads\/2025\/04\/photo_5_2025-04-10_18-40-38.jpg 2560w, https:\/\/archive.sana.sy\/tr\/wp-content\/uploads\/2025\/04\/photo_5_2025-04-10_18-40-38-300x168.jpg 300w, https:\/\/archive.sana.sy\/tr\/wp-content\/uploads\/2025\/04\/photo_5_2025-04-10_18-40-38-1024x575.jpg 1024w, https:\/\/archive.sana.sy\/tr\/wp-content\/uploads\/2025\/04\/photo_5_2025-04-10_18-40-38-768x431.jpg 768w, https:\/\/archive.sana.sy\/tr\/wp-content\/uploads\/2025\/04\/photo_5_2025-04-10_18-40-38-1536x862.jpg 1536w, https:\/\/archive.sana.sy\/tr\/wp-content\/uploads\/2025\/04\/photo_5_2025-04-10_18-40-38-2048x1150.jpg 2048w\" sizes=\"auto, (max-width: 2560px) 100vw, 2560px\" \/><\/a>\n\t\t\t<\/div><\/figure><figure class='gallery-item'>\n\t\t\t<div class='gallery-icon landscape'>\n\t\t\t\t<a href='https:\/\/archive.sana.sy\/tr\/?attachment_id=318625'><img loading=\"lazy\" decoding=\"async\" width=\"2560\" height=\"1437\" src=\"https:\/\/archive.sana.sy\/tr\/wp-content\/uploads\/2025\/04\/photo_4_2025-04-10_18-40-38.jpg\" class=\"attachment-full size-full\" alt=\"\" srcset=\"https:\/\/archive.sana.sy\/tr\/wp-content\/uploads\/2025\/04\/photo_4_2025-04-10_18-40-38.jpg 2560w, https:\/\/archive.sana.sy\/tr\/wp-content\/uploads\/2025\/04\/photo_4_2025-04-10_18-40-38-300x168.jpg 300w, https:\/\/archive.sana.sy\/tr\/wp-content\/uploads\/2025\/04\/photo_4_2025-04-10_18-40-38-1024x575.jpg 1024w, https:\/\/archive.sana.sy\/tr\/wp-content\/uploads\/2025\/04\/photo_4_2025-04-10_18-40-38-768x431.jpg 768w, https:\/\/archive.sana.sy\/tr\/wp-content\/uploads\/2025\/04\/photo_4_2025-04-10_18-40-38-1536x862.jpg 1536w, https:\/\/archive.sana.sy\/tr\/wp-content\/uploads\/2025\/04\/photo_4_2025-04-10_18-40-38-2048x1150.jpg 2048w\" sizes=\"auto, (max-width: 2560px) 100vw, 2560px\" \/><\/a>\n\t\t\t<\/div><\/figure>\n\t\t<\/div>\n\n","protected":false},"excerpt":{"rendered":"<p>\u015eAM (SANA) &#8211; \u00a0Cumhurba\u015fkan\u0131 Ahmed El \u015eara ve D\u0131\u015fi\u015fleri Bakan\u0131 Asaad El \u015eeybani, D\u0131\u015fi\u015fleri Bakan\u0131 Cho Tae-yul ba\u015fkanl\u0131\u011f\u0131ndaki Kore Cumhuriyeti&#8217;nden \u00fcst d\u00fczey bir heyeti kabul etti.<\/p>\n","protected":false},"author":44,"featured_media":318626,"comment_status":"closed","ping_status":"closed","sticky":false,"template":"","format":"standard","meta":{"footnotes":""},"categories":[606,605],"tags":[43320,43703],"class_list":["post-318621","post","type-post","status-publish","format-standard","has-post-thumbnail","","category-cumhurbaskani","category-sayin-cumhurbaskani","tag-cumhurbaskani-el-sara-ve-bakan-el-seybani","tag-kore-cumhuriyetinden-ust-duzey-bir-heyeti-kabul-etti"],"_links":{"self":[{"href":"https:\/\/archive.sana.sy\/tr\/index.php?rest_route=\/wp\/v2\/posts\/318621","targetHints":{"allow":["GET"]}}],"collection":[{"href":"https:\/\/archive.sana.sy\/tr\/index.php?rest_route=\/wp\/v2\/posts"}],"about":[{"href":"https:\/\/archive.sana.sy\/tr\/index.php?rest_route=\/wp\/v2\/types\/post"}],"author":[{"embeddable":true,"href":"https:\/\/archive.sana.sy\/tr\/index.php?rest_route=\/wp\/v2\/users\/44"}],"replies":[{"embeddable":true,"href":"https:\/\/archive.sana.sy\/tr\/index.php?rest_route=%2Fwp%2Fv2%2Fcomments&post=318621"}],"version-history":[{"count":1,"href":"https:\/\/archive.sana.sy\/tr\/index.php?rest_route=\/wp\/v2\/posts\/318621\/revisions"}],"predecessor-version":[{"id":318627,"href":"https:\/\/archive.sana.sy\/tr\/index.php?rest_route=\/wp\/v2\/posts\/318621\/revisions\/318627"}],"wp:featuredmedia":[{"embeddable":true,"href":"https:\/\/archive.sana.sy\/tr\/index.php?rest_route=\/wp\/v2\/media\/318626"}],"wp:attachment":[{"href":"https:\/\/archive.sana.sy\/tr\/index.php?rest_route=%2Fwp%2Fv2%2Fmedia&parent=318621"}],"wp:term":[{"taxonomy":"category","embeddable":true,"href":"https:\/\/archive.sana.sy\/tr\/index.php?rest_route=%2Fwp%2Fv2%2Fcategories&post=318621"},{"taxonomy":"post_tag","embeddable":true,"href":"https:\/\/archive.sana.sy\/tr\/index.php?rest_route=%2Fwp%2Fv2%2Ftags&post=318621"}],"curies":[{"name":"wp","href":"https:\/\/api.w.org\/{rel}","templated":true}]}}