{"id":318634,"date":"2025-04-11T07:15:21","date_gmt":"2025-04-11T04:15:21","guid":{"rendered":"https:\/\/sana.sy\/tr\/?p=318634"},"modified":"2025-04-12T14:21:00","modified_gmt":"2025-04-12T11:21:00","slug":"cumhurbaskani-el-sara-sahil-olaylarini-arastirma-ve-gercek-bulma-ulusal-komitesinin-calismalarini-uc-ay-daha-uzatan-karari-yayinladi","status":"publish","type":"post","link":"https:\/\/archive.sana.sy\/tr\/?p=318634","title":{"rendered":"Cumhurba\u015fkan\u0131 El \u015eara, Sahil Olaylar\u0131n\u0131 Ara\u015ft\u0131rma Ve Ger\u00e7ek Bulma Ulusal Komitesi&#8217;nin \u00c7al\u0131\u015fmalar\u0131n\u0131 \u00dc\u00e7 Ay Daha Uzatan Karar\u0131 Yay\u0131nlad\u0131"},"content":{"rendered":"<p style=\"text-align: justify;\"><span style=\"color: #800000;\"><strong>\u015eAM (SANA)<\/strong> &#8211;<\/span> Cumhurba\u015fkan\u0131 Ahmed El \u015eara, Sahel Olaylar\u0131n\u0131 Ara\u015ft\u0131rma ve Ger\u00e7ek Bulma Ulusal Komitesi&#8217;nin \u00e7al\u0131\u015fmalar\u0131n\u0131 yeniden uzat\u0131lmaz \u00fc\u00e7 ay daha uzatan 2025 tarihli (11) say\u0131l\u0131 Karar\u0131 yay\u0131nlad\u0131.<\/p>\n<p style=\"text-align: justify;\">Karar metni: Verilen yetkilere dayanarak, (3) say\u0131l\u0131 Cumhurba\u015fkanl\u0131\u011f\u0131 Kararnamesi uyar\u0131nca olu\u015fturulan Suriye K\u0131y\u0131s\u0131ndaki Olaylara \u0130li\u015fkin Ulusal Soru\u015fturma ve Ger\u00e7ek Bulma Komitesi&#8217;nin ilk raporunun incelenmesi ve Komitenin \u00e7al\u0131\u015fmalar\u0131n\u0131 onayl\u0131 standartlara uygun olarak tamamlama zorunlulu\u011fu nedeniyle sundu\u011fu uzatma talebinin de\u011ferlendirilmesi sonras\u0131nda Cumhurba\u015fkan\u0131 a\u015fa\u011f\u0131daki kararlar\u0131 al\u0131r:<\/p>\n<p style=\"text-align: justify;\">1- Komisyonun \u00e7al\u0131\u015fmalar\u0131n\u0131n \u00fc\u00e7 ay daha uzat\u0131lmas\u0131, bu s\u00fcrenin uzat\u0131lmas\u0131 m\u00fcmk\u00fcn de\u011fildir.<\/p>\n<p style=\"text-align: justify;\">2- Komite, belirlenen prosed\u00fcrlere uygun olarak misyonunu tamamlamak i\u00e7in \u00e7al\u0131\u015f\u0131r ve bunun i\u00e7in gerekli tedbirleri al\u0131r.<\/p>\n<p style=\"text-align: justify;\">3-Komite, belirlenen tarihte nihai raporunu sunar.<\/p>\n<p style=\"text-align: justify;\">4- Bu Karar yay\u0131m\u0131 tarihinden itibaren y\u00fcr\u00fcrl\u00fc\u011fe girer ve Resm\u00ee Gazete&#8217;de yay\u0131mlan\u0131r.<\/p>\n","protected":false},"excerpt":{"rendered":"<p>\u015eAM (SANA) &#8211; Cumhurba\u015fkan\u0131 Ahmed El \u015eara, Sahel Olaylar\u0131n\u0131 Ara\u015ft\u0131rma ve Ger\u00e7ek Bulma Ulusal Komitesi&#8217;nin \u00e7al\u0131\u015fmalar\u0131n\u0131 yeniden uzat\u0131lmaz \u00fc\u00e7 ay daha uzatan 2025 tarihli (11) say\u0131l\u0131 Karar\u0131 yay\u0131nlad\u0131. Karar metni: Verilen yetkilere dayanarak, (3) say\u0131l\u0131 Cumhurba\u015fkanl\u0131\u011f\u0131 Kararnamesi uyar\u0131nca olu\u015fturulan Suriye K\u0131y\u0131s\u0131ndaki Olaylara \u0130li\u015fkin Ulusal Soru\u015fturma ve Ger\u00e7ek Bulma Komitesi&#8217;nin ilk raporunun incelenmesi ve Komitenin \u00e7al\u0131\u015fmalar\u0131n\u0131 &hellip;<\/p>\n","protected":false},"author":44,"featured_media":318635,"comment_status":"closed","ping_status":"closed","sticky":false,"template":"","format":"standard","meta":{"footnotes":""},"categories":[589,17988,612],"tags":[43266,43705],"class_list":["post-318634","post","type-post","status-publish","format-standard","has-post-thumbnail","","category-haber-seridi","category-son-haberler","category-yasama-kararnameler","tag-cumhurbaskani-el-sara","tag-sahil-olaylarini-arastirma-ve-gercek-bulma-ulusal-komitesinin-calismalarini-uc-ay-daha-uzatan-karari-yayinladi"],"_links":{"self":[{"href":"https:\/\/archive.sana.sy\/tr\/index.php?rest_route=\/wp\/v2\/posts\/318634","targetHints":{"allow":["GET"]}}],"collection":[{"href":"https:\/\/archive.sana.sy\/tr\/index.php?rest_route=\/wp\/v2\/posts"}],"about":[{"href":"https:\/\/archive.sana.sy\/tr\/index.php?rest_route=\/wp\/v2\/types\/post"}],"author":[{"embeddable":true,"href":"https:\/\/archive.sana.sy\/tr\/index.php?rest_route=\/wp\/v2\/users\/44"}],"replies":[{"embeddable":true,"href":"https:\/\/archive.sana.sy\/tr\/index.php?rest_route=%2Fwp%2Fv2%2Fcomments&post=318634"}],"version-history":[{"count":1,"href":"https:\/\/archive.sana.sy\/tr\/index.php?rest_route=\/wp\/v2\/posts\/318634\/revisions"}],"predecessor-version":[{"id":318636,"href":"https:\/\/archive.sana.sy\/tr\/index.php?rest_route=\/wp\/v2\/posts\/318634\/revisions\/318636"}],"wp:featuredmedia":[{"embeddable":true,"href":"https:\/\/archive.sana.sy\/tr\/index.php?rest_route=\/wp\/v2\/media\/318635"}],"wp:attachment":[{"href":"https:\/\/archive.sana.sy\/tr\/index.php?rest_route=%2Fwp%2Fv2%2Fmedia&parent=318634"}],"wp:term":[{"taxonomy":"category","embeddable":true,"href":"https:\/\/archive.sana.sy\/tr\/index.php?rest_route=%2Fwp%2Fv2%2Fcategories&post=318634"},{"taxonomy":"post_tag","embeddable":true,"href":"https:\/\/archive.sana.sy\/tr\/index.php?rest_route=%2Fwp%2Fv2%2Ftags&post=318634"}],"curies":[{"name":"wp","href":"https:\/\/api.w.org\/{rel}","templated":true}]}}