{"id":318646,"date":"2025-04-11T11:00:13","date_gmt":"2025-04-11T08:00:13","guid":{"rendered":"https:\/\/sana.sy\/tr\/?p=318646"},"modified":"2025-04-11T11:51:55","modified_gmt":"2025-04-11T08:51:55","slug":"ingiltere-bm-guvenlik-konseyi-onunde-suriye-halki-icin-kapsayici-ve-mureffeh-bir-gelecegi-desteklemek-icin-calismaya-haziriz","status":"publish","type":"post","link":"https:\/\/archive.sana.sy\/tr\/?p=318646","title":{"rendered":"\u0130ngiltere, BM G\u00fcvenlik Konseyi \u00d6n\u00fcnde: Suriye Halk\u0131 \u0130\u00e7in Kapsay\u0131c\u0131 Ve M\u00fcreffeh Bir Gelece\u011fi Desteklemek \u0130\u00e7in \u00c7al\u0131\u015fmaya Haz\u0131r\u0131z"},"content":{"rendered":"<p style=\"text-align: justify;\"><strong>NEW YORK (SANA) &#8211;<\/strong> \u0130ngiltere, Suriye&#8217;de yeni h\u00fck\u00fcmetin kurulmas\u0131n\u0131 memnuniyetle kar\u015f\u0131lad\u0131\u011f\u0131n\u0131 yineleyerek, Suriye halk\u0131 i\u00e7in kapsaml\u0131, istikrarl\u0131 ve m\u00fcreffeh bir gelecek sa\u011flamak amac\u0131yla Suriye ile birlikte \u00e7al\u0131\u015fmaya haz\u0131r oldu\u011funu belirtti.<\/p>\n<p style=\"text-align: justify;\">\u0130ngiltere Siyasi Koordinat\u00f6r Yard\u0131mc\u0131s\u0131 Jess Gumpert-Gray, Cezayir ve Somali&#8217;nin \u00e7a\u011fr\u0131s\u0131yla Suriye&#8217;ye y\u00f6nelik \u0130srail sald\u0131r\u0131lar\u0131 konusunda G\u00fcvenlik Konseyi&#8217;ne yapt\u0131\u011f\u0131 a\u00e7\u0131klamada \u015funlar\u0131 s\u00f6yledi: \u201cSuriye siyasi ge\u00e7i\u015finde daha da olumlu ilerleme kaydetti. Yeni Suriye h\u00fck\u00fcmetinin kurulmas\u0131 duyurusunu memnuniyetle kar\u015f\u0131l\u0131yoruz ve Suriye h\u00fck\u00fcmetiyle birlikte Suriye halk\u0131 i\u00e7in kapsay\u0131c\u0131, istikrarl\u0131 ve m\u00fcreffeh bir gelece\u011fi desteklemek i\u00e7in \u00e7al\u0131\u015fmaya haz\u0131r\u0131z.\u201d<\/p>\n<p style=\"text-align: justify;\">\u0130ngiltere D\u0131\u015fi\u015fleri, Milletler Toplulu\u011fu ve Kalk\u0131nma Ofisi&#8217;nin internet sitesinde yer alan habere g\u00f6re Gray, \u0130srail&#8217;in Suriye topraklar\u0131na y\u00f6nelik tekrarlanan sald\u0131r\u0131lar\u0131n\u0131n sadece Suriye&#8217;yi de\u011fil, t\u00fcm b\u00f6lgeyi istikrars\u0131zla\u015ft\u0131rma tehlikesi ta\u015f\u0131d\u0131\u011f\u0131n\u0131 belirtti.<\/p>\n<p style=\"text-align: justify;\">Gray ayr\u0131ca, \u0130ngiltere&#8217;nin, kimsenin \u00e7\u0131kar\u0131na olmayan bu sald\u0131r\u0131lardan duydu\u011fu endi\u015feyi dile getirerek, \u0130srail&#8217;in uluslararas\u0131 hukuka uymas\u0131, 1974 Ate\u015fkes Anla\u015fmas\u0131&#8217;na riayet etmesi, Suriye&#8217;nin toprak b\u00fct\u00fcnl\u00fc\u011f\u00fcne sayg\u0131 g\u00f6stermesi ve t\u0131rman\u0131\u015ftan ka\u00e7\u0131nmas\u0131 gerekti\u011fini vurgulad\u0131.<\/p>\n<p style=\"text-align: justify;\">\u00dclkesinin Suriye&#8217;de insan haklar\u0131n\u0131n korunmas\u0131 ve insani yard\u0131ma s\u0131n\u0131rs\u0131z eri\u015fim sa\u011flanmas\u0131 gibi \u00e7e\u015fitli ad\u0131mlar\u0131n at\u0131lmas\u0131n\u0131 sab\u0131rs\u0131zl\u0131kla bekledi\u011fini belirtirken Gray, yeni Suriye h\u00fck\u00fcmetinin olu\u015fumunun siyasi ge\u00e7i\u015f s\u00fcrecinde \u00f6nemli bir kilometre ta\u015f\u0131 oldu\u011funu ve kapsay\u0131c\u0131 temsilin \u00f6z\u00fcn\u00fcn t\u00fcm devlet kurumlar\u0131na geni\u015fletilmesi gerekti\u011fini vurgulad\u0131.<\/p>\n<p style=\"text-align: justify;\">Gray konu\u015fmas\u0131nda da, \u0130ngiltere&#8217;nin Suriye&#8217;ye 207 milyon dolarl\u0131k temel insani yard\u0131m sa\u011flama s\u00f6z\u00fcn\u00fc yineledi ve devrik rejimin zulm\u00fc alt\u0131nda 14 y\u0131l boyunca ac\u0131 \u00e7eken Suriyelilerin \u00fclkelerini yeniden in\u015fa etme s\u00fcrecinde desteklenmeye odaklan\u0131lmas\u0131 gerekti\u011fini vurgulad\u0131.<\/p>\n<p style=\"text-align: justify;\">T\u00fcm taraflara Suriye genelinde insani yard\u0131mlar\u0131n eri\u015fiminin kesintisiz sa\u011flanmas\u0131 ve sivillerin hayatlar\u0131n\u0131n korunmas\u0131 \u00e7a\u011fr\u0131s\u0131nda bulunan Gray, \u0130ngiltere&#8217;nin, Suriyelilerin daha iyi bir gelecek in\u015fa etme aray\u0131\u015flar\u0131n\u0131 desteklemek i\u00e7in uluslararas\u0131 ortaklarla \u00e7al\u0131\u015fmaya devam etti\u011fini de yineledi.<\/p>\n","protected":false},"excerpt":{"rendered":"<p>NEW YORK (SANA) &#8211; \u0130ngiltere, Suriye&#8217;de yeni h\u00fck\u00fcmetin kurulmas\u0131n\u0131 memnuniyetle kar\u015f\u0131lad\u0131\u011f\u0131n\u0131 yineleyerek, Suriye halk\u0131 i\u00e7in kapsaml\u0131, istikrarl\u0131 ve m\u00fcreffeh bir gelecek sa\u011flamak amac\u0131yla Suriye ile birlikte \u00e7al\u0131\u015fmaya haz\u0131r oldu\u011funu belirtti. \u0130ngiltere Siyasi Koordinat\u00f6r Yard\u0131mc\u0131s\u0131 Jess Gumpert-Gray, Cezayir ve Somali&#8217;nin \u00e7a\u011fr\u0131s\u0131yla Suriye&#8217;ye y\u00f6nelik \u0130srail sald\u0131r\u0131lar\u0131 konusunda G\u00fcvenlik Konseyi&#8217;ne yapt\u0131\u011f\u0131 a\u00e7\u0131klamada \u015funlar\u0131 s\u00f6yledi: \u201cSuriye siyasi ge\u00e7i\u015finde daha &hellip;<\/p>\n","protected":false},"author":44,"featured_media":318647,"comment_status":"closed","ping_status":"closed","sticky":false,"template":"","format":"standard","meta":{"footnotes":""},"categories":[458,589,459,17988],"tags":[43709,25610],"class_list":["post-318646","post","type-post","status-publish","format-standard","has-post-thumbnail","","category-dunya1","category-haber-seridi","category-haberler-arap-uluslararasi-politika","category-son-haberler","tag-bm-guvenlik-konseyi-onunde-suriye-halki-icin-kapsayici-ve-mureffeh-bir-gelecegi-desteklemek-icin-calismaya-haziriz","tag-ingiltere"],"_links":{"self":[{"href":"https:\/\/archive.sana.sy\/tr\/index.php?rest_route=\/wp\/v2\/posts\/318646","targetHints":{"allow":["GET"]}}],"collection":[{"href":"https:\/\/archive.sana.sy\/tr\/index.php?rest_route=\/wp\/v2\/posts"}],"about":[{"href":"https:\/\/archive.sana.sy\/tr\/index.php?rest_route=\/wp\/v2\/types\/post"}],"author":[{"embeddable":true,"href":"https:\/\/archive.sana.sy\/tr\/index.php?rest_route=\/wp\/v2\/users\/44"}],"replies":[{"embeddable":true,"href":"https:\/\/archive.sana.sy\/tr\/index.php?rest_route=%2Fwp%2Fv2%2Fcomments&post=318646"}],"version-history":[{"count":1,"href":"https:\/\/archive.sana.sy\/tr\/index.php?rest_route=\/wp\/v2\/posts\/318646\/revisions"}],"predecessor-version":[{"id":318648,"href":"https:\/\/archive.sana.sy\/tr\/index.php?rest_route=\/wp\/v2\/posts\/318646\/revisions\/318648"}],"wp:featuredmedia":[{"embeddable":true,"href":"https:\/\/archive.sana.sy\/tr\/index.php?rest_route=\/wp\/v2\/media\/318647"}],"wp:attachment":[{"href":"https:\/\/archive.sana.sy\/tr\/index.php?rest_route=%2Fwp%2Fv2%2Fmedia&parent=318646"}],"wp:term":[{"taxonomy":"category","embeddable":true,"href":"https:\/\/archive.sana.sy\/tr\/index.php?rest_route=%2Fwp%2Fv2%2Fcategories&post=318646"},{"taxonomy":"post_tag","embeddable":true,"href":"https:\/\/archive.sana.sy\/tr\/index.php?rest_route=%2Fwp%2Fv2%2Ftags&post=318646"}],"curies":[{"name":"wp","href":"https:\/\/api.w.org\/{rel}","templated":true}]}}