{"id":318721,"date":"2025-04-12T09:00:51","date_gmt":"2025-04-12T06:00:51","guid":{"rendered":"https:\/\/sana.sy\/tr\/?p=318721"},"modified":"2025-04-12T12:37:58","modified_gmt":"2025-04-12T09:37:58","slug":"kamu-guvenlik-mudurlugu-ile-busra-el-sam-ileri-gelenleri-arasinda-anlasma-saglandi","status":"publish","type":"post","link":"https:\/\/archive.sana.sy\/tr\/?p=318721","title":{"rendered":"Kamu G\u00fcvenlik M\u00fcd\u00fcrl\u00fc\u011f\u00fc \u0130le Busra El \u015eam \u0130leri Gelenleri Aras\u0131nda Anla\u015fma Sa\u011fland\u0131"},"content":{"rendered":"<p style=\"text-align: justify;\"><span style=\"color: #800000;\"><strong>DERA (SANA) &#8211;<\/strong><\/span> Kamu G\u00fcvenlik M\u00fcd\u00fcrl\u00fc\u011f\u00fc, Busra El \u015eam b\u00f6lgesinin ileri gelenleriyle, aranan 4 \u015fahs\u0131n yetkili makamlara teslim edilmesi konusunda anla\u015fmaya vard\u0131. Bu, do\u011fu Dera k\u0131rsal\u0131nda istikrar\u0131 art\u0131rma ve devlet otoritesini geni\u015fletme \u00e7abalar\u0131n\u0131n bir par\u00e7as\u0131 olarak geldi.<\/p>\n<p style=\"text-align: justify;\">Dera Valili\u011fi&#8217;ndeki medya ofisi bug\u00fcn yapt\u0131\u011f\u0131 a\u00e7\u0131klamada, aranan ki\u015filerin yak\u0131n zamanda bir sakine ve ailesine d\u00fczenlenen sald\u0131r\u0131ya kar\u0131\u015fanlar aras\u0131nda oldu\u011funu belirtirken, Busra\u00a0 El \u015eam b\u00f6lgesindeki g\u00fcvenlik m\u00fcfrezesinin, g\u00fcvenlik \u00f6nlemlerini desteklemek ve b\u00f6lgede istikrar\u0131 sa\u011flamak amac\u0131yla ilave g\u00fcvenlik g\u00fc\u00e7leriyle takviye edilece\u011fini kaydetti.<\/p>\n","protected":false},"excerpt":{"rendered":"<p>DERA (SANA) &#8211; Kamu G\u00fcvenlik M\u00fcd\u00fcrl\u00fc\u011f\u00fc, Busra El \u015eam b\u00f6lgesinin ileri gelenleriyle, aranan 4 \u015fahs\u0131n yetkili makamlara teslim edilmesi konusunda anla\u015fmaya vard\u0131. Bu, do\u011fu Dera k\u0131rsal\u0131nda istikrar\u0131 art\u0131rma ve devlet otoritesini geni\u015fletme \u00e7abalar\u0131n\u0131n bir par\u00e7as\u0131 olarak geldi. Dera Valili\u011fi&#8217;ndeki medya ofisi bug\u00fcn yapt\u0131\u011f\u0131 a\u00e7\u0131klamada, aranan ki\u015filerin yak\u0131n zamanda bir sakine ve ailesine d\u00fczenlenen sald\u0131r\u0131ya kar\u0131\u015fanlar &hellip;<\/p>\n","protected":false},"author":44,"featured_media":318722,"comment_status":"closed","ping_status":"closed","sticky":false,"template":"","format":"standard","meta":{"footnotes":""},"categories":[589,479,17988,478],"tags":[43721],"class_list":["post-318721","post","type-post","status-publish","format-standard","has-post-thumbnail","","category-haber-seridi","category-haberler-yerel","category-son-haberler","category-yerel","tag-kamu-guvenlik-mudurlugu-ile-busra-el-sam-ileri-gelenleri-arasinda-anlasma-saglandi"],"_links":{"self":[{"href":"https:\/\/archive.sana.sy\/tr\/index.php?rest_route=\/wp\/v2\/posts\/318721","targetHints":{"allow":["GET"]}}],"collection":[{"href":"https:\/\/archive.sana.sy\/tr\/index.php?rest_route=\/wp\/v2\/posts"}],"about":[{"href":"https:\/\/archive.sana.sy\/tr\/index.php?rest_route=\/wp\/v2\/types\/post"}],"author":[{"embeddable":true,"href":"https:\/\/archive.sana.sy\/tr\/index.php?rest_route=\/wp\/v2\/users\/44"}],"replies":[{"embeddable":true,"href":"https:\/\/archive.sana.sy\/tr\/index.php?rest_route=%2Fwp%2Fv2%2Fcomments&post=318721"}],"version-history":[{"count":1,"href":"https:\/\/archive.sana.sy\/tr\/index.php?rest_route=\/wp\/v2\/posts\/318721\/revisions"}],"predecessor-version":[{"id":318723,"href":"https:\/\/archive.sana.sy\/tr\/index.php?rest_route=\/wp\/v2\/posts\/318721\/revisions\/318723"}],"wp:featuredmedia":[{"embeddable":true,"href":"https:\/\/archive.sana.sy\/tr\/index.php?rest_route=\/wp\/v2\/media\/318722"}],"wp:attachment":[{"href":"https:\/\/archive.sana.sy\/tr\/index.php?rest_route=%2Fwp%2Fv2%2Fmedia&parent=318721"}],"wp:term":[{"taxonomy":"category","embeddable":true,"href":"https:\/\/archive.sana.sy\/tr\/index.php?rest_route=%2Fwp%2Fv2%2Fcategories&post=318721"},{"taxonomy":"post_tag","embeddable":true,"href":"https:\/\/archive.sana.sy\/tr\/index.php?rest_route=%2Fwp%2Fv2%2Ftags&post=318721"}],"curies":[{"name":"wp","href":"https:\/\/api.w.org\/{rel}","templated":true}]}}