{"id":318735,"date":"2025-04-12T14:06:18","date_gmt":"2025-04-12T11:06:18","guid":{"rendered":"https:\/\/sana.sy\/tr\/?p=318735"},"modified":"2025-04-12T14:07:06","modified_gmt":"2025-04-12T11:07:06","slug":"aliyev-suriyedeki-yeni-degisimleri-memnuniyetle-karsiliyoruz-ve-yeniden-yapilanma-calismalarina-katilmaya-haziriz","status":"publish","type":"post","link":"https:\/\/archive.sana.sy\/tr\/?p=318735","title":{"rendered":"Aliyev: Suriye&#8217;deki Yeni De\u011fi\u015fimleri Memnuniyetle Kar\u015f\u0131l\u0131yoruz Ve Yeniden Yap\u0131lanma \u00c7al\u0131\u015fmalar\u0131na Kat\u0131lmaya Haz\u0131r\u0131z"},"content":{"rendered":"<p style=\"text-align: justify;\"><span style=\"color: #800000;\"><strong>ANTALYA (SANA)<\/strong> <\/span>&#8211; Azerbaycan Cumhuriyeti Cumhurba\u015fkan\u0131 \u0130lham Aliyev, \u00fclkesinin Suriye&#8217;nin yeniden in\u015fas\u0131, orada g\u00fcvenlik ve istikrar\u0131n art\u0131r\u0131lmas\u0131 \u00e7abalar\u0131na kat\u0131lmaya haz\u0131r oldu\u011funu belirtti.<\/p>\n<p style=\"text-align: justify;\">Azerbaycan&#8217;\u0131n resmi haber ajans\u0131, Aliyev&#8217;in T\u00fcrkiye&#8217;de d\u00fczenlenen Antalya Diplomasi Forumu 2025 kapsam\u0131nda Cumhurba\u015fkan\u0131 Ahmed El \u015eara ile yapt\u0131\u011f\u0131 g\u00f6r\u00fc\u015fmede, Suriye&#8217;de ya\u015fanan yeni de\u011fi\u015fimlerden duydu\u011fu memnuniyeti dile getirdi\u011fini, bunun ard\u0131ndan Suriye&#8217;ye diplomatik heyet g\u00f6nderilmesinin ve devrik rejimin politikalar\u0131 nedeniyle uzun s\u00fcre kapal\u0131 kalan \u015eam&#8217;daki Azerbaycan B\u00fcy\u00fckel\u00e7ili\u011fi&#8217;nin yeniden faaliyete ge\u00e7mesinin memnuniyetle kar\u015f\u0131land\u0131\u011f\u0131n\u0131 bildirdi.<\/p>\n<p style=\"text-align: justify;\">G\u00f6r\u00fc\u015fmede ayr\u0131ca Cumhurba\u015fkan\u0131 El \u015eara ve Aliyev, Suriye, T\u00fcrkiye ve Azerbaycan aras\u0131ndaki \u00fc\u00e7l\u00fc ortak i\u015fbirli\u011fi ili\u015fkilerinin gelecekteki geli\u015fimi konusunda g\u00f6r\u00fc\u015f al\u0131\u015fveri\u015finde bulundu.<\/p>\n<p style=\"text-align: justify;\">\u0130ki \u00fclkeden \u00fcst d\u00fczey resmi heyetler ve i\u015f d\u00fcnyas\u0131 temsilcilerinin kar\u015f\u0131l\u0131kl\u0131 ziyaretlerinin kolayla\u015ft\u0131r\u0131lmas\u0131 konusunda mutabakata var\u0131l\u0131rken, Aliyev, Cumhurba\u015fkan\u0131 El \u015eara&#8217;y\u0131 Bak\u00fc&#8217;ye resmi davet etti.<\/p>\n","protected":false},"excerpt":{"rendered":"<p>ANTALYA (SANA) &#8211; Azerbaycan Cumhuriyeti Cumhurba\u015fkan\u0131 \u0130lham Aliyev, \u00fclkesinin Suriye&#8217;nin yeniden in\u015fas\u0131, orada g\u00fcvenlik ve istikrar\u0131n art\u0131r\u0131lmas\u0131 \u00e7abalar\u0131na kat\u0131lmaya haz\u0131r oldu\u011funu belirtti. Azerbaycan&#8217;\u0131n resmi haber ajans\u0131, Aliyev&#8217;in T\u00fcrkiye&#8217;de d\u00fczenlenen Antalya Diplomasi Forumu 2025 kapsam\u0131nda Cumhurba\u015fkan\u0131 Ahmed El \u015eara ile yapt\u0131\u011f\u0131 g\u00f6r\u00fc\u015fmede, Suriye&#8217;de ya\u015fanan yeni de\u011fi\u015fimlerden duydu\u011fu memnuniyeti dile getirdi\u011fini, bunun ard\u0131ndan Suriye&#8217;ye diplomatik heyet g\u00f6nderilmesinin &hellip;<\/p>\n","protected":false},"author":44,"featured_media":318737,"comment_status":"closed","ping_status":"closed","sticky":false,"template":"","format":"standard","meta":{"footnotes":""},"categories":[458,608,589,459,605,17988],"tags":[],"class_list":["post-318735","post","type-post","status-publish","format-standard","has-post-thumbnail","","category-dunya1","category-etkinlikler","category-haber-seridi","category-haberler-arap-uluslararasi-politika","category-sayin-cumhurbaskani","category-son-haberler"],"_links":{"self":[{"href":"https:\/\/archive.sana.sy\/tr\/index.php?rest_route=\/wp\/v2\/posts\/318735","targetHints":{"allow":["GET"]}}],"collection":[{"href":"https:\/\/archive.sana.sy\/tr\/index.php?rest_route=\/wp\/v2\/posts"}],"about":[{"href":"https:\/\/archive.sana.sy\/tr\/index.php?rest_route=\/wp\/v2\/types\/post"}],"author":[{"embeddable":true,"href":"https:\/\/archive.sana.sy\/tr\/index.php?rest_route=\/wp\/v2\/users\/44"}],"replies":[{"embeddable":true,"href":"https:\/\/archive.sana.sy\/tr\/index.php?rest_route=%2Fwp%2Fv2%2Fcomments&post=318735"}],"version-history":[{"count":1,"href":"https:\/\/archive.sana.sy\/tr\/index.php?rest_route=\/wp\/v2\/posts\/318735\/revisions"}],"predecessor-version":[{"id":318736,"href":"https:\/\/archive.sana.sy\/tr\/index.php?rest_route=\/wp\/v2\/posts\/318735\/revisions\/318736"}],"wp:featuredmedia":[{"embeddable":true,"href":"https:\/\/archive.sana.sy\/tr\/index.php?rest_route=\/wp\/v2\/media\/318737"}],"wp:attachment":[{"href":"https:\/\/archive.sana.sy\/tr\/index.php?rest_route=%2Fwp%2Fv2%2Fmedia&parent=318735"}],"wp:term":[{"taxonomy":"category","embeddable":true,"href":"https:\/\/archive.sana.sy\/tr\/index.php?rest_route=%2Fwp%2Fv2%2Fcategories&post=318735"},{"taxonomy":"post_tag","embeddable":true,"href":"https:\/\/archive.sana.sy\/tr\/index.php?rest_route=%2Fwp%2Fv2%2Ftags&post=318735"}],"curies":[{"name":"wp","href":"https:\/\/api.w.org\/{rel}","templated":true}]}}