{"id":318742,"date":"2025-04-12T10:47:29","date_gmt":"2025-04-12T07:47:29","guid":{"rendered":"https:\/\/sana.sy\/tr\/?p=318742"},"modified":"2025-04-12T14:49:30","modified_gmt":"2025-04-12T11:49:30","slug":"urdun-disisleri-bakani-israilin-tirmanisi-ve-yayilmaci-uygulamalari-konusunda-uyardi","status":"publish","type":"post","link":"https:\/\/archive.sana.sy\/tr\/?p=318742","title":{"rendered":"\u00dcrd\u00fcn D\u0131\u015fi\u015fleri Bakan\u0131, \u0130srail&#8217;in T\u0131rman\u0131\u015f\u0131 Ve Yay\u0131lmac\u0131 Uygulamalar\u0131 Konusunda Uyard\u0131"},"content":{"rendered":"<p style=\"text-align: justify;\"><strong><span style=\"color: #800000;\">ANKARA (SANA)<\/span> &#8211;<\/strong> \u00dcrd\u00fcn D\u0131\u015fi\u015fleri Bakan\u0131 Eymen el Safadi, \u0130srail&#8217;in artan gerginli\u011fi ve i\u015fgalci yap\u0131n\u0131n Arap \u00fclkeleri aleyhine b\u00f6lgesel olarak geni\u015fleme giri\u015fimleri konusunda uyard\u0131.<\/p>\n<p style=\"text-align: justify;\">Anadolu Ajans\u0131, Safadi&#8217;nin T\u00fcrkiye&#8217;de d\u00fczenlenen Antalya Diplomasi Forumu 2025&#8217;teki diyalog oturumunda, &#8220;\u0130srail&#8217;in Gazze&#8217;den Bat\u0131 \u015eeria&#8217;ya, L\u00fcbnan&#8217;dan Suriye&#8217;ye kadar b\u00f6lgedeki politikalar\u0131na bakarsan\u0131z, kom\u015fu Arap devletlerinin pahas\u0131na b\u00f6lgesel geni\u015fleme stratejik hedefine ula\u015fmak i\u00e7in sahte iddialarla bir t\u0131rmanma modeli g\u00f6r\u00fcrs\u00fcn\u00fcz&#8221; diyerek, B\u00f6lgenin gelece\u011finin Siyonist Ba\u015fbakan Binyamin Netanyahu&#8217;nun ideolojisine rehin b\u0131rak\u0131lamayaca\u011f\u0131 uyar\u0131s\u0131nda bulundu\u011funu aktard\u0131.<\/p>\n","protected":false},"excerpt":{"rendered":"<p>ANKARA (SANA) &#8211; \u00dcrd\u00fcn D\u0131\u015fi\u015fleri Bakan\u0131 Eymen el Safadi, \u0130srail&#8217;in artan gerginli\u011fi ve i\u015fgalci yap\u0131n\u0131n Arap \u00fclkeleri aleyhine b\u00f6lgesel olarak geni\u015fleme giri\u015fimleri konusunda uyard\u0131. Anadolu Ajans\u0131, Safadi&#8217;nin T\u00fcrkiye&#8217;de d\u00fczenlenen Antalya Diplomasi Forumu 2025&#8217;teki diyalog oturumunda, &#8220;\u0130srail&#8217;in Gazze&#8217;den Bat\u0131 \u015eeria&#8217;ya, L\u00fcbnan&#8217;dan Suriye&#8217;ye kadar b\u00f6lgedeki politikalar\u0131na bakarsan\u0131z, kom\u015fu Arap devletlerinin pahas\u0131na b\u00f6lgesel geni\u015fleme stratejik hedefine ula\u015fmak i\u00e7in &hellip;<\/p>\n","protected":false},"author":44,"featured_media":318743,"comment_status":"closed","ping_status":"closed","sticky":false,"template":"","format":"standard","meta":{"footnotes":""},"categories":[458,589,459,17988],"tags":[43727,21665],"class_list":["post-318742","post","type-post","status-publish","format-standard","has-post-thumbnail","","category-dunya1","category-haber-seridi","category-haberler-arap-uluslararasi-politika","category-son-haberler","tag-israilin-tirmanisi-ve-yayilmaci-uygulamalari-konusunda-uyardi","tag-urdun-disisleri-bakani"],"_links":{"self":[{"href":"https:\/\/archive.sana.sy\/tr\/index.php?rest_route=\/wp\/v2\/posts\/318742","targetHints":{"allow":["GET"]}}],"collection":[{"href":"https:\/\/archive.sana.sy\/tr\/index.php?rest_route=\/wp\/v2\/posts"}],"about":[{"href":"https:\/\/archive.sana.sy\/tr\/index.php?rest_route=\/wp\/v2\/types\/post"}],"author":[{"embeddable":true,"href":"https:\/\/archive.sana.sy\/tr\/index.php?rest_route=\/wp\/v2\/users\/44"}],"replies":[{"embeddable":true,"href":"https:\/\/archive.sana.sy\/tr\/index.php?rest_route=%2Fwp%2Fv2%2Fcomments&post=318742"}],"version-history":[{"count":1,"href":"https:\/\/archive.sana.sy\/tr\/index.php?rest_route=\/wp\/v2\/posts\/318742\/revisions"}],"predecessor-version":[{"id":318744,"href":"https:\/\/archive.sana.sy\/tr\/index.php?rest_route=\/wp\/v2\/posts\/318742\/revisions\/318744"}],"wp:featuredmedia":[{"embeddable":true,"href":"https:\/\/archive.sana.sy\/tr\/index.php?rest_route=\/wp\/v2\/media\/318743"}],"wp:attachment":[{"href":"https:\/\/archive.sana.sy\/tr\/index.php?rest_route=%2Fwp%2Fv2%2Fmedia&parent=318742"}],"wp:term":[{"taxonomy":"category","embeddable":true,"href":"https:\/\/archive.sana.sy\/tr\/index.php?rest_route=%2Fwp%2Fv2%2Fcategories&post=318742"},{"taxonomy":"post_tag","embeddable":true,"href":"https:\/\/archive.sana.sy\/tr\/index.php?rest_route=%2Fwp%2Fv2%2Ftags&post=318742"}],"curies":[{"name":"wp","href":"https:\/\/api.w.org\/{rel}","templated":true}]}}