{"id":318782,"date":"2025-04-13T12:52:31","date_gmt":"2025-04-13T09:52:31","guid":{"rendered":"https:\/\/sana.sy\/tr\/?p=318782"},"modified":"2025-04-13T15:07:12","modified_gmt":"2025-04-13T12:07:12","slug":"suriye-demokratik-gucleri-sdg-oz-savunma-birlikleri-ile-kamu-guvenlik-guclerinin-seyh-maksud-mahallesine-ortak-konuslanmasi-basladi","status":"publish","type":"post","link":"https:\/\/archive.sana.sy\/tr\/?p=318782","title":{"rendered":"Suriye Demokratik G\u00fc\u00e7leri (SDG) \u00d6z Savunma Birlikleri \u0130le Kamu G\u00fcvenlik G\u00fc\u00e7leri&#8217;nin \u015eeyh Maksud Mahallesine Ortak Konu\u015flanmas\u0131 Ba\u015flad\u0131"},"content":{"rendered":"<p style=\"text-align: justify;\"><strong><span style=\"color: #800000;\">HALEP (SANA)<\/span> \u2013 <\/strong>SANA&#8217;n\u0131n Halep muhabiri, Suriye Demokratik G\u00fc\u00e7leri \u00d6z Savunma Birlikleri ile Kamu G\u00fcvenlik G\u00fc\u00e7leri&#8217;nin b\u00f6lgedeki g\u00fcvenli\u011fi art\u0131rmak amac\u0131yla ortakla\u015fa y\u00fcr\u00fctt\u00fckleri operasyon kapsam\u0131nda, Kamu G\u00fcvenlik G\u00fc\u00e7leri&#8217;nin \u015eeyh Maksud Mahallesi&#8217;ne konu\u015flanmaya ba\u015flad\u0131\u011f\u0131n\u0131 bildirdi.<\/p>\n<div id='gallery-1' class='gallery galleryid-318782 gallery-columns-2 gallery-size-full'><figure class='gallery-item'>\n\t\t\t<div class='gallery-icon landscape'>\n\t\t\t\t<a href='https:\/\/archive.sana.sy\/tr\/wp-content\/uploads\/2025\/04\/photo_2025-04-13_12-28-22.jpg'><img loading=\"lazy\" decoding=\"async\" width=\"1199\" height=\"832\" src=\"https:\/\/archive.sana.sy\/tr\/wp-content\/uploads\/2025\/04\/photo_2025-04-13_12-28-22.jpg\" class=\"attachment-full size-full\" alt=\"\" srcset=\"https:\/\/archive.sana.sy\/tr\/wp-content\/uploads\/2025\/04\/photo_2025-04-13_12-28-22.jpg 1199w, https:\/\/archive.sana.sy\/tr\/wp-content\/uploads\/2025\/04\/photo_2025-04-13_12-28-22-300x208.jpg 300w, https:\/\/archive.sana.sy\/tr\/wp-content\/uploads\/2025\/04\/photo_2025-04-13_12-28-22-1024x711.jpg 1024w, https:\/\/archive.sana.sy\/tr\/wp-content\/uploads\/2025\/04\/photo_2025-04-13_12-28-22-768x533.jpg 768w, https:\/\/archive.sana.sy\/tr\/wp-content\/uploads\/2025\/04\/photo_2025-04-13_12-28-22-110x75.jpg 110w\" sizes=\"auto, (max-width: 1199px) 100vw, 1199px\" \/><\/a>\n\t\t\t<\/div><\/figure><figure class='gallery-item'>\n\t\t\t<div class='gallery-icon landscape'>\n\t\t\t\t<a href='https:\/\/archive.sana.sy\/tr\/wp-content\/uploads\/2025\/04\/photo_2025-04-13_12-28-47.jpg'><img loading=\"lazy\" decoding=\"async\" width=\"1280\" height=\"787\" src=\"https:\/\/archive.sana.sy\/tr\/wp-content\/uploads\/2025\/04\/photo_2025-04-13_12-28-47.jpg\" class=\"attachment-full size-full\" alt=\"\" srcset=\"https:\/\/archive.sana.sy\/tr\/wp-content\/uploads\/2025\/04\/photo_2025-04-13_12-28-47.jpg 1280w, https:\/\/archive.sana.sy\/tr\/wp-content\/uploads\/2025\/04\/photo_2025-04-13_12-28-47-300x184.jpg 300w, https:\/\/archive.sana.sy\/tr\/wp-content\/uploads\/2025\/04\/photo_2025-04-13_12-28-47-1024x630.jpg 1024w, https:\/\/archive.sana.sy\/tr\/wp-content\/uploads\/2025\/04\/photo_2025-04-13_12-28-47-768x472.jpg 768w\" sizes=\"auto, (max-width: 1280px) 100vw, 1280px\" \/><\/a>\n\t\t\t<\/div><\/figure>\n\t\t<\/div>\n\n<p>&nbsp;<\/p>\n","protected":false},"excerpt":{"rendered":"<p>HALEP (SANA) \u2013 SANA&#8217;n\u0131n Halep muhabiri, Suriye Demokratik G\u00fc\u00e7leri \u00d6z Savunma Birlikleri ile Kamu G\u00fcvenlik G\u00fc\u00e7leri&#8217;nin b\u00f6lgedeki g\u00fcvenli\u011fi art\u0131rmak amac\u0131yla ortakla\u015fa y\u00fcr\u00fctt\u00fckleri operasyon kapsam\u0131nda, Kamu G\u00fcvenlik G\u00fc\u00e7leri&#8217;nin \u015eeyh Maksud Mahallesi&#8217;ne konu\u015flanmaya ba\u015flad\u0131\u011f\u0131n\u0131 bildirdi. &nbsp;<\/p>\n","protected":false},"author":39,"featured_media":318783,"comment_status":"closed","ping_status":"closed","sticky":false,"template":"","format":"standard","meta":{"footnotes":""},"categories":[589,479,17988,478],"tags":[],"class_list":["post-318782","post","type-post","status-publish","format-standard","has-post-thumbnail","","category-haber-seridi","category-haberler-yerel","category-son-haberler","category-yerel"],"_links":{"self":[{"href":"https:\/\/archive.sana.sy\/tr\/index.php?rest_route=\/wp\/v2\/posts\/318782","targetHints":{"allow":["GET"]}}],"collection":[{"href":"https:\/\/archive.sana.sy\/tr\/index.php?rest_route=\/wp\/v2\/posts"}],"about":[{"href":"https:\/\/archive.sana.sy\/tr\/index.php?rest_route=\/wp\/v2\/types\/post"}],"author":[{"embeddable":true,"href":"https:\/\/archive.sana.sy\/tr\/index.php?rest_route=\/wp\/v2\/users\/39"}],"replies":[{"embeddable":true,"href":"https:\/\/archive.sana.sy\/tr\/index.php?rest_route=%2Fwp%2Fv2%2Fcomments&post=318782"}],"version-history":[{"count":2,"href":"https:\/\/archive.sana.sy\/tr\/index.php?rest_route=\/wp\/v2\/posts\/318782\/revisions"}],"predecessor-version":[{"id":318830,"href":"https:\/\/archive.sana.sy\/tr\/index.php?rest_route=\/wp\/v2\/posts\/318782\/revisions\/318830"}],"wp:featuredmedia":[{"embeddable":true,"href":"https:\/\/archive.sana.sy\/tr\/index.php?rest_route=\/wp\/v2\/media\/318783"}],"wp:attachment":[{"href":"https:\/\/archive.sana.sy\/tr\/index.php?rest_route=%2Fwp%2Fv2%2Fmedia&parent=318782"}],"wp:term":[{"taxonomy":"category","embeddable":true,"href":"https:\/\/archive.sana.sy\/tr\/index.php?rest_route=%2Fwp%2Fv2%2Fcategories&post=318782"},{"taxonomy":"post_tag","embeddable":true,"href":"https:\/\/archive.sana.sy\/tr\/index.php?rest_route=%2Fwp%2Fv2%2Ftags&post=318782"}],"curies":[{"name":"wp","href":"https:\/\/api.w.org\/{rel}","templated":true}]}}