{"id":318787,"date":"2025-04-13T12:56:38","date_gmt":"2025-04-13T09:56:38","guid":{"rendered":"https:\/\/sana.sy\/tr\/?p=318787"},"modified":"2025-04-13T13:03:38","modified_gmt":"2025-04-13T10:03:38","slug":"sana-muhabiri-cumhurbaskani-ahmed-el-sara-ve-disisleri-bakani-asaad-el-seybani-iki-ulkeyi-ilgilendiren-ortak-konulari-gorusmek-uzere-birlesik-arap-emirliklerine-gidiyor","status":"publish","type":"post","link":"https:\/\/archive.sana.sy\/tr\/?p=318787","title":{"rendered":"SANA muhabiri: Cumhurba\u015fkan\u0131 Ahmed El \u015eara ve D\u0131\u015fi\u015fleri Bakan\u0131 Asaad El \u015eeybani, iki \u00fclkeyi ilgilendiren ortak konular\u0131 g\u00f6r\u00fc\u015fmek \u00fczere Birle\u015fik Arap Emirlikleri&#8217;ne gidiyor."},"content":{"rendered":"","protected":false},"excerpt":{"rendered":"","protected":false},"author":39,"featured_media":0,"comment_status":"closed","ping_status":"closed","sticky":false,"template":"","format":"standard","meta":{"footnotes":""},"categories":[1],"tags":[],"class_list":["post-318787","post","type-post","status-publish","format-standard","","category-news-not-sorted"],"_links":{"self":[{"href":"https:\/\/archive.sana.sy\/tr\/index.php?rest_route=\/wp\/v2\/posts\/318787","targetHints":{"allow":["GET"]}}],"collection":[{"href":"https:\/\/archive.sana.sy\/tr\/index.php?rest_route=\/wp\/v2\/posts"}],"about":[{"href":"https:\/\/archive.sana.sy\/tr\/index.php?rest_route=\/wp\/v2\/types\/post"}],"author":[{"embeddable":true,"href":"https:\/\/archive.sana.sy\/tr\/index.php?rest_route=\/wp\/v2\/users\/39"}],"replies":[{"embeddable":true,"href":"https:\/\/archive.sana.sy\/tr\/index.php?rest_route=%2Fwp%2Fv2%2Fcomments&post=318787"}],"version-history":[{"count":1,"href":"https:\/\/archive.sana.sy\/tr\/index.php?rest_route=\/wp\/v2\/posts\/318787\/revisions"}],"predecessor-version":[{"id":318788,"href":"https:\/\/archive.sana.sy\/tr\/index.php?rest_route=\/wp\/v2\/posts\/318787\/revisions\/318788"}],"wp:attachment":[{"href":"https:\/\/archive.sana.sy\/tr\/index.php?rest_route=%2Fwp%2Fv2%2Fmedia&parent=318787"}],"wp:term":[{"taxonomy":"category","embeddable":true,"href":"https:\/\/archive.sana.sy\/tr\/index.php?rest_route=%2Fwp%2Fv2%2Fcategories&post=318787"},{"taxonomy":"post_tag","embeddable":true,"href":"https:\/\/archive.sana.sy\/tr\/index.php?rest_route=%2Fwp%2Fv2%2Ftags&post=318787"}],"curies":[{"name":"wp","href":"https:\/\/api.w.org\/{rel}","templated":true}]}}