{"id":318833,"date":"2025-04-13T15:19:09","date_gmt":"2025-04-13T12:19:09","guid":{"rendered":"https:\/\/sana.sy\/tr\/?p=318833"},"modified":"2025-04-13T15:20:54","modified_gmt":"2025-04-13T12:20:54","slug":"sam-emniyet-muduru-birliklerimizin-samin-masakin-berzeh-bolgesinde-duzenlendigi-baskinda-cok-sayida-aranan-sahis-yakalandi","status":"publish","type":"post","link":"https:\/\/archive.sana.sy\/tr\/?p=318833","title":{"rendered":"\u015eam Kamu G\u00fcvenlik M\u00fcd\u00fcr\u00fc: Birliklerimizin \u015eam&#8217;\u0131n Masakin Berzeh B\u00f6lgesinde D\u00fczenlendi\u011fi Bask\u0131nda \u00c7ok Say\u0131da Aranan \u015eah\u0131s Tutukland\u0131"},"content":{"rendered":"<p style=\"text-align: justify;\"><strong><span style=\"color: #800000;\">\u015eAM (SANA)<\/span> &#8211;<\/strong>\u00a0 \u015eam Kamu G\u00fcvenlik M\u00fcd\u00fcrl\u00fc\u011f\u00fc M\u00fcd\u00fcr\u00fc Yarbay Abdurrahman El Dabba\u011f \u015funlar\u0131 s\u00f6yledi: \u2018\u2019\u015eam&#8217;\u0131n Masakin Berzeh b\u00f6lgesinde bir \u00e7etenin varl\u0131\u011f\u0131na ili\u015fkin taraf\u0131m\u0131za ula\u015fan bilgiler do\u011frultusunda, bu bilginin do\u011frulu\u011fu teyit edilmi\u015f ve h\u00fccre mensuplar\u0131n\u0131n hareketleri izlenmeye ba\u015flanm\u0131\u015ft\u0131r. Bunun \u00fczerine g\u00fcvenlik birimlerimiz grubun sakland\u0131\u011f\u0131 yere bask\u0131n d\u00fczenledi.\u2019\u2019<\/p>\n<p style=\"text-align: justify;\">\u0130\u00e7i\u015fleri Bakanl\u0131\u011f\u0131&#8217;n\u0131n Telegram kanal\u0131na g\u00f6re, Yarbay El Dabba\u011f \u015funlar\u0131 kaydetti: \u2018\u2019Operasyonda \u00e7ok say\u0131da aranan \u015fah\u0131s tutuklanm\u0131\u015f, ele ge\u00e7irilen silah ve m\u00fchimmat\u0131n bar\u0131\u015f\u00e7\u0131l vatanda\u015flar\u0131 ter\u00f6rize etmeye y\u00f6nelik eylemlerde kullan\u0131lmak \u00fczere haz\u0131rland\u0131\u011f\u0131 tespit edilmi\u015ftir. Tutuklananlar, haklar\u0131nda gerekli yasal i\u015flemlerin yap\u0131lmas\u0131 ve hak ettikleri cezan\u0131n al\u0131nmas\u0131 i\u00e7in Cumhuriyet Savc\u0131l\u0131\u011f\u0131na sevk edilecek.\u2019\u2019<\/p>\n<div id='gallery-1' class='gallery galleryid-318833 gallery-columns-3 gallery-size-thumbnail'><figure class='gallery-item'>\n\t\t\t<div class='gallery-icon landscape'>\n\t\t\t\t<a href='https:\/\/archive.sana.sy\/tr\/?attachment_id=318835'><img loading=\"lazy\" decoding=\"async\" width=\"150\" height=\"150\" src=\"https:\/\/archive.sana.sy\/tr\/wp-content\/uploads\/2025\/04\/photo_2025-04-13_14-25-21-copy-150x150.jpg\" class=\"attachment-thumbnail size-thumbnail\" alt=\"\" \/><\/a>\n\t\t\t<\/div><\/figure><figure class='gallery-item'>\n\t\t\t<div class='gallery-icon landscape'>\n\t\t\t\t<a href='https:\/\/archive.sana.sy\/tr\/?attachment_id=318836'><img loading=\"lazy\" decoding=\"async\" width=\"150\" height=\"150\" src=\"https:\/\/archive.sana.sy\/tr\/wp-content\/uploads\/2025\/04\/photo_2025-04-13_14-25-05-copy-150x150.jpg\" class=\"attachment-thumbnail size-thumbnail\" alt=\"\" \/><\/a>\n\t\t\t<\/div><\/figure><figure class='gallery-item'>\n\t\t\t<div class='gallery-icon landscape'>\n\t\t\t\t<a href='https:\/\/archive.sana.sy\/tr\/?attachment_id=318837'><img loading=\"lazy\" decoding=\"async\" width=\"150\" height=\"150\" src=\"https:\/\/archive.sana.sy\/tr\/wp-content\/uploads\/2025\/04\/photo_2025-04-13_14-25-08-copy-150x150.jpg\" class=\"attachment-thumbnail size-thumbnail\" alt=\"\" \/><\/a>\n\t\t\t<\/div><\/figure><figure class='gallery-item'>\n\t\t\t<div class='gallery-icon landscape'>\n\t\t\t\t<a href='https:\/\/archive.sana.sy\/tr\/?attachment_id=318838'><img loading=\"lazy\" decoding=\"async\" width=\"150\" height=\"150\" src=\"https:\/\/archive.sana.sy\/tr\/wp-content\/uploads\/2025\/04\/photo_2025-04-13_14-25-12-copy-150x150.jpg\" class=\"attachment-thumbnail size-thumbnail\" alt=\"\" \/><\/a>\n\t\t\t<\/div><\/figure><figure class='gallery-item'>\n\t\t\t<div class='gallery-icon landscape'>\n\t\t\t\t<a href='https:\/\/archive.sana.sy\/tr\/?attachment_id=318839'><img loading=\"lazy\" decoding=\"async\" width=\"150\" height=\"150\" src=\"https:\/\/archive.sana.sy\/tr\/wp-content\/uploads\/2025\/04\/photo_2025-04-13_14-25-16-copy-150x150.jpg\" class=\"attachment-thumbnail size-thumbnail\" alt=\"\" \/><\/a>\n\t\t\t<\/div><\/figure><figure class='gallery-item'>\n\t\t\t<div class='gallery-icon landscape'>\n\t\t\t\t<a href='https:\/\/archive.sana.sy\/tr\/?attachment_id=318840'><img loading=\"lazy\" decoding=\"async\" width=\"150\" height=\"150\" src=\"https:\/\/archive.sana.sy\/tr\/wp-content\/uploads\/2025\/04\/photo_2025-04-13_14-25-17-copy-150x150.jpg\" class=\"attachment-thumbnail size-thumbnail\" alt=\"\" \/><\/a>\n\t\t\t<\/div><\/figure><figure class='gallery-item'>\n\t\t\t<div class='gallery-icon landscape'>\n\t\t\t\t<a href='https:\/\/archive.sana.sy\/tr\/?attachment_id=318841'><img loading=\"lazy\" decoding=\"async\" width=\"150\" height=\"150\" src=\"https:\/\/archive.sana.sy\/tr\/wp-content\/uploads\/2025\/04\/photo_2025-04-13_14-25-19-copy-150x150.jpg\" class=\"attachment-thumbnail size-thumbnail\" alt=\"\" \/><\/a>\n\t\t\t<\/div><\/figure><figure class='gallery-item'>\n\t\t\t<div class='gallery-icon landscape'>\n\t\t\t\t<a href='https:\/\/archive.sana.sy\/tr\/?attachment_id=318842'><img loading=\"lazy\" decoding=\"async\" width=\"150\" height=\"150\" src=\"https:\/\/archive.sana.sy\/tr\/wp-content\/uploads\/2025\/04\/1-9-150x150.jpg\" class=\"attachment-thumbnail size-thumbnail\" alt=\"\" \/><\/a>\n\t\t\t<\/div><\/figure><figure class='gallery-item'>\n\t\t\t<div class='gallery-icon landscape'>\n\t\t\t\t<a href='https:\/\/archive.sana.sy\/tr\/?attachment_id=318843'><img loading=\"lazy\" decoding=\"async\" width=\"150\" height=\"150\" src=\"https:\/\/archive.sana.sy\/tr\/wp-content\/uploads\/2025\/04\/photo_2025-04-13_14-48-46-copy-150x150.jpg\" class=\"attachment-thumbnail size-thumbnail\" alt=\"\" \/><\/a>\n\t\t\t<\/div><\/figure>\n\t\t<\/div>\n\n","protected":false},"excerpt":{"rendered":"<p>\u015eAM (SANA) &#8211;\u00a0 \u015eam Kamu G\u00fcvenlik M\u00fcd\u00fcrl\u00fc\u011f\u00fc M\u00fcd\u00fcr\u00fc Yarbay Abdurrahman El Dabba\u011f \u015funlar\u0131 s\u00f6yledi: \u2018\u2019\u015eam&#8217;\u0131n Masakin Berzeh b\u00f6lgesinde bir \u00e7etenin varl\u0131\u011f\u0131na ili\u015fkin taraf\u0131m\u0131za ula\u015fan bilgiler do\u011frultusunda, bu bilginin do\u011frulu\u011fu teyit edilmi\u015f ve h\u00fccre mensuplar\u0131n\u0131n hareketleri izlenmeye ba\u015flanm\u0131\u015ft\u0131r. Bunun \u00fczerine g\u00fcvenlik birimlerimiz grubun sakland\u0131\u011f\u0131 yere bask\u0131n d\u00fczenledi.\u2019\u2019 \u0130\u00e7i\u015fleri Bakanl\u0131\u011f\u0131&#8217;n\u0131n Telegram kanal\u0131na g\u00f6re, Yarbay El Dabba\u011f \u015funlar\u0131 &hellip;<\/p>\n","protected":false},"author":41,"featured_media":318834,"comment_status":"closed","ping_status":"closed","sticky":false,"template":"","format":"standard","meta":{"footnotes":""},"categories":[589,479,17988,478],"tags":[],"class_list":["post-318833","post","type-post","status-publish","format-standard","has-post-thumbnail","","category-haber-seridi","category-haberler-yerel","category-son-haberler","category-yerel"],"_links":{"self":[{"href":"https:\/\/archive.sana.sy\/tr\/index.php?rest_route=\/wp\/v2\/posts\/318833","targetHints":{"allow":["GET"]}}],"collection":[{"href":"https:\/\/archive.sana.sy\/tr\/index.php?rest_route=\/wp\/v2\/posts"}],"about":[{"href":"https:\/\/archive.sana.sy\/tr\/index.php?rest_route=\/wp\/v2\/types\/post"}],"author":[{"embeddable":true,"href":"https:\/\/archive.sana.sy\/tr\/index.php?rest_route=\/wp\/v2\/users\/41"}],"replies":[{"embeddable":true,"href":"https:\/\/archive.sana.sy\/tr\/index.php?rest_route=%2Fwp%2Fv2%2Fcomments&post=318833"}],"version-history":[{"count":4,"href":"https:\/\/archive.sana.sy\/tr\/index.php?rest_route=\/wp\/v2\/posts\/318833\/revisions"}],"predecessor-version":[{"id":318847,"href":"https:\/\/archive.sana.sy\/tr\/index.php?rest_route=\/wp\/v2\/posts\/318833\/revisions\/318847"}],"wp:featuredmedia":[{"embeddable":true,"href":"https:\/\/archive.sana.sy\/tr\/index.php?rest_route=\/wp\/v2\/media\/318834"}],"wp:attachment":[{"href":"https:\/\/archive.sana.sy\/tr\/index.php?rest_route=%2Fwp%2Fv2%2Fmedia&parent=318833"}],"wp:term":[{"taxonomy":"category","embeddable":true,"href":"https:\/\/archive.sana.sy\/tr\/index.php?rest_route=%2Fwp%2Fv2%2Fcategories&post=318833"},{"taxonomy":"post_tag","embeddable":true,"href":"https:\/\/archive.sana.sy\/tr\/index.php?rest_route=%2Fwp%2Fv2%2Ftags&post=318833"}],"curies":[{"name":"wp","href":"https:\/\/api.w.org\/{rel}","templated":true}]}}