{"id":31885,"date":"2015-05-03T20:23:55","date_gmt":"2015-05-03T17:23:55","guid":{"rendered":"http:\/\/www.sana.sy\/tr\/?p=31885"},"modified":"2015-05-03T20:24:28","modified_gmt":"2015-05-03T17:24:28","slug":"halaki-hukumet-ziraat-sektoru-ve-ciftcilere-buyuk-bir-onem-veriyor","status":"publish","type":"post","link":"https:\/\/archive.sana.sy\/tr\/?p=31885","title":{"rendered":"Halaki: H\u00fck\u00fcmet Ziraat Sekt\u00f6r\u00fc ve \u00c7ift\u00e7ilere B\u00fcy\u00fck Bir \u00d6nem Veriyor"},"content":{"rendered":"<p>\u015eAM \u2013 Ba\u015fbakan Vail el Halaki, \u00e7ift\u00e7ilerin mahsullerini teslim ettikleri s\u0131rada \u00f6demelerinin elden yap\u0131lmas\u0131 ve mahsul\u00fcn teslim al\u0131naca\u011f\u0131 merkezlerin dikkatli bir \u015fekilde belirlenmesi \u00e7a\u011fr\u0131s\u0131nda bulundu.<\/p>\n<p><a href=\"http:\/\/www.sana.sy\/tr\/wp-content\/uploads\/2015\/05\/Halaki.JPG-2.jpg\"><img loading=\"lazy\" decoding=\"async\" class=\"alignright wp-image-31886 size-medium\" src=\"http:\/\/www.sana.sy\/tr\/wp-content\/uploads\/2015\/05\/Halaki.JPG-2-203x300.jpg\" alt=\"Halaki.JPG 2\" width=\"203\" height=\"300\" srcset=\"https:\/\/archive.sana.sy\/tr\/wp-content\/uploads\/2015\/05\/Halaki.JPG-2-203x300.jpg 203w, https:\/\/archive.sana.sy\/tr\/wp-content\/uploads\/2015\/05\/Halaki.JPG-2-101x150.jpg 101w, https:\/\/archive.sana.sy\/tr\/wp-content\/uploads\/2015\/05\/Halaki.JPG-2-692x1024.jpg 692w\" sizes=\"auto, (max-width: 203px) 100vw, 203px\" \/><\/a>Tah\u0131l mahsulleri al\u0131m\u0131, depolanmas\u0131 ve pazarlanmas\u0131 ile ilgili d\u00fczenlenen toplant\u0131ya kat\u0131lan Halaki, tar\u0131m sekt\u00f6r\u00fcyle ilgilenmenin h\u00fck\u00fcmetin \u00f6ncelikleri aras\u0131nda yer ald\u0131\u011f\u0131na i\u015faret ederek h\u00fck\u00fcmetin \u00e7ift\u00e7ilerin ihtiya\u00e7lar\u0131n\u0131n kar\u015f\u0131lanmas\u0131 ve mahsullerini teslim etmeleriyle ilgili icraatlar\u0131n kolayla\u015ft\u0131r\u0131lmas\u0131na b\u00fcy\u00fck bir \u00f6nem verdi\u011fini belirtti.<\/p>\n<p>H\u00fck\u00fcmetin bu\u011fday ve arpa mahsullerine b\u00fcy\u00fck bir \u00f6nem verdi\u011fini ifade eden Halaki, ayr\u0131ca ziraat sekt\u00f6r\u00fc ve \u00e7ift\u00e7ilerin istikrara kavu\u015fturulmas\u0131 amac\u0131yla b\u00fcy\u00fck bir destek sunuldu\u011funu belirtti.<\/p>\n<p>G\u00f6revlerini aksatan b\u00fct\u00fcn yetkililerin hak ettikleri \u015fekilde cezaland\u0131r\u0131lmas\u0131 ve mali karma\u015fan\u0131n \u00e7\u00f6z\u00fclmesi gere\u011fine dikkat \u00e7eken Halaki, Ziraat ve Tar\u0131m Islah\u0131 ile \u0130\u00e7 Ticaret ve T\u00fcketiciyi Koruma Bakanl\u0131klar\u0131ndan 2015 y\u0131l\u0131 mahsullerini teslimi ve pazarlanmas\u0131 ile ilgili uygun bir kurumsal i\u015fleyi\u015f belirlemelerini talep etti.<\/p>\n<p>Toplant\u0131ya Elektrik, Ziraat ve Tar\u0131m Islah\u0131, Petrol, Maliye, Ekonomi ve D\u0131\u015f Ticaret, Ula\u015ft\u0131rma Bakanlar\u0131 ve Merkez Bankas\u0131 Ba\u015fkan\u0131n\u0131n yan\u0131 s\u0131ra bir\u00e7ok bakan yard\u0131mc\u0131s\u0131, ilgili kurum m\u00fcd\u00fcrleri ve \u00c7ift\u00e7iler Birli\u011fi Ba\u015fkan\u0131 kat\u0131ld\u0131.<\/p>\n<p>F.B. &#8211; M.M.<\/p>\n","protected":false},"excerpt":{"rendered":"<p>\u015eAM \u2013 Ba\u015fbakan Vail el Halaki, \u00e7ift\u00e7ilerin mahsullerini teslim ettikleri s\u0131rada \u00f6demelerinin elden yap\u0131lmas\u0131 ve mahsul\u00fcn teslim al\u0131naca\u011f\u0131 merkezlerin dikkatli bir \u015fekilde belirlenmesi \u00e7a\u011fr\u0131s\u0131nda bulundu. Tah\u0131l mahsulleri al\u0131m\u0131, depolanmas\u0131 ve pazarlanmas\u0131 ile ilgili d\u00fczenlenen toplant\u0131ya kat\u0131lan Halaki, tar\u0131m sekt\u00f6r\u00fcyle ilgilenmenin h\u00fck\u00fcmetin \u00f6ncelikleri aras\u0131nda yer ald\u0131\u011f\u0131na i\u015faret ederek h\u00fck\u00fcmetin \u00e7ift\u00e7ilerin ihtiya\u00e7lar\u0131n\u0131n kar\u015f\u0131lanmas\u0131 ve mahsullerini teslim etmeleriyle &hellip;<\/p>\n","protected":false},"author":1,"featured_media":31888,"comment_status":"closed","ping_status":"closed","sticky":false,"template":"","format":"standard","meta":{"footnotes":""},"categories":[485,479,486,478],"tags":[],"class_list":["post-31885","post","type-post","status-publish","format-standard","has-post-thumbnail","","category-is-ve-sermaye","category-haberler-yerel","category-haberler-is-ve-sermaye","category-yerel"],"_links":{"self":[{"href":"https:\/\/archive.sana.sy\/tr\/index.php?rest_route=\/wp\/v2\/posts\/31885","targetHints":{"allow":["GET"]}}],"collection":[{"href":"https:\/\/archive.sana.sy\/tr\/index.php?rest_route=\/wp\/v2\/posts"}],"about":[{"href":"https:\/\/archive.sana.sy\/tr\/index.php?rest_route=\/wp\/v2\/types\/post"}],"author":[{"embeddable":true,"href":"https:\/\/archive.sana.sy\/tr\/index.php?rest_route=\/wp\/v2\/users\/1"}],"replies":[{"embeddable":true,"href":"https:\/\/archive.sana.sy\/tr\/index.php?rest_route=%2Fwp%2Fv2%2Fcomments&post=31885"}],"version-history":[{"count":0,"href":"https:\/\/archive.sana.sy\/tr\/index.php?rest_route=\/wp\/v2\/posts\/31885\/revisions"}],"wp:featuredmedia":[{"embeddable":true,"href":"https:\/\/archive.sana.sy\/tr\/index.php?rest_route=\/wp\/v2\/media\/31888"}],"wp:attachment":[{"href":"https:\/\/archive.sana.sy\/tr\/index.php?rest_route=%2Fwp%2Fv2%2Fmedia&parent=31885"}],"wp:term":[{"taxonomy":"category","embeddable":true,"href":"https:\/\/archive.sana.sy\/tr\/index.php?rest_route=%2Fwp%2Fv2%2Fcategories&post=31885"},{"taxonomy":"post_tag","embeddable":true,"href":"https:\/\/archive.sana.sy\/tr\/index.php?rest_route=%2Fwp%2Fv2%2Ftags&post=31885"}],"curies":[{"name":"wp","href":"https:\/\/api.w.org\/{rel}","templated":true}]}}