{"id":318887,"date":"2025-04-14T11:05:11","date_gmt":"2025-04-14T08:05:11","guid":{"rendered":"https:\/\/sana.sy\/tr\/?p=318887"},"modified":"2025-04-15T12:18:49","modified_gmt":"2025-04-15T09:18:49","slug":"bae-devlet-baskaninin-diplomatik-danismani-cumhurbaskani-el-sara-ile-yapilan-gorusme-her-bakimdan-basariliydi","status":"publish","type":"post","link":"https:\/\/archive.sana.sy\/tr\/?p=318887","title":{"rendered":"BAE Devlet Ba\u015fkan\u0131&#8217;n\u0131n Diplomatik Dan\u0131\u015fman\u0131: Cumhurba\u015fkan\u0131 El \u015eara \u0130le Yap\u0131lan G\u00f6r\u00fc\u015fme Her Bak\u0131mdan Ba\u015far\u0131l\u0131yd\u0131"},"content":{"rendered":"<p style=\"text-align: justify;\"><strong><span style=\"color: #800000;\">ABU DAB\u0130 (SANA)<\/span> \u2013 <\/strong>BAE Devlet Ba\u015fkan\u0131\u2019n\u0131n diplomatik dan\u0131\u015fman\u0131 Enver Karaka\u015f, Suriye Arap Cumhuriyeti Cumhurba\u015fkan\u0131 Say\u0131n Ahmed El \u015eara ile yap\u0131lan g\u00f6r\u00fc\u015fmenin her bak\u0131mdan ba\u015far\u0131l\u0131 ge\u00e7ti\u011fini belirtirken, BAE\u2019nin Suriye\u2019ye destek verme konusundaki isteklili\u011fine dikkat \u00e7ekti.<\/p>\n<p style=\"text-align: justify;\">Karaka\u015f bug\u00fcn X platformunda yapt\u0131\u011f\u0131 bir payla\u015f\u0131mda \u015fu ifadeleri kulland\u0131: \u201c\u015eeyh Muhammed bin Zayid\u2019in Ekselanslar\u0131 Suriye Cumhurba\u015fkan\u0131 Ahmed El \u015eara Ekselanslar\u0131 ile yapt\u0131\u011f\u0131 g\u00f6r\u00fc\u015fme kat\u0131lmaktan onur duydum, her a\u00e7\u0131dan ba\u015far\u0131l\u0131 bir g\u00f6r\u00fc\u015fmeydi. Ekselanslar\u0131n\u0131n Suriye\u2019de modern bir devlet kurma s\u00fcrecini destekleme konusundaki isteklili\u011fini hissettim.\u201d<\/p>\n<p style=\"text-align: justify;\">Karaka\u015f ayr\u0131ca, \u201cSe\u00e7kin bir Suriye toplulu\u011funa ev sahipli\u011fi yapan BAE, m\u00fcreffeh ve istikrarl\u0131 bir Suriye\u2019yi b\u00f6lgenin gelece\u011fi i\u00e7in olmazsa olmaz bir temel olarak g\u00f6r\u00fcyor\u201d ifadelerini s\u00f6zlerine ekledi.<\/p>\n","protected":false},"excerpt":{"rendered":"<p>ABU DAB\u0130 (SANA) \u2013 BAE Devlet Ba\u015fkan\u0131\u2019n\u0131n diplomatik dan\u0131\u015fman\u0131 Enver Karaka\u015f, Suriye Arap Cumhuriyeti Cumhurba\u015fkan\u0131 Say\u0131n Ahmed El \u015eara ile yap\u0131lan g\u00f6r\u00fc\u015fmenin her bak\u0131mdan ba\u015far\u0131l\u0131 ge\u00e7ti\u011fini belirtirken, BAE\u2019nin Suriye\u2019ye destek verme konusundaki isteklili\u011fine dikkat \u00e7ekti. Karaka\u015f bug\u00fcn X platformunda yapt\u0131\u011f\u0131 bir payla\u015f\u0131mda \u015fu ifadeleri kulland\u0131: \u201c\u015eeyh Muhammed bin Zayid\u2019in Ekselanslar\u0131 Suriye Cumhurba\u015fkan\u0131 Ahmed El \u015eara &hellip;<\/p>\n","protected":false},"author":36,"featured_media":318888,"comment_status":"closed","ping_status":"closed","sticky":false,"template":"","format":"standard","meta":{"footnotes":""},"categories":[458,459,17988],"tags":[],"class_list":["post-318887","post","type-post","status-publish","format-standard","has-post-thumbnail","","category-dunya1","category-haberler-arap-uluslararasi-politika","category-son-haberler"],"_links":{"self":[{"href":"https:\/\/archive.sana.sy\/tr\/index.php?rest_route=\/wp\/v2\/posts\/318887","targetHints":{"allow":["GET"]}}],"collection":[{"href":"https:\/\/archive.sana.sy\/tr\/index.php?rest_route=\/wp\/v2\/posts"}],"about":[{"href":"https:\/\/archive.sana.sy\/tr\/index.php?rest_route=\/wp\/v2\/types\/post"}],"author":[{"embeddable":true,"href":"https:\/\/archive.sana.sy\/tr\/index.php?rest_route=\/wp\/v2\/users\/36"}],"replies":[{"embeddable":true,"href":"https:\/\/archive.sana.sy\/tr\/index.php?rest_route=%2Fwp%2Fv2%2Fcomments&post=318887"}],"version-history":[{"count":4,"href":"https:\/\/archive.sana.sy\/tr\/index.php?rest_route=\/wp\/v2\/posts\/318887\/revisions"}],"predecessor-version":[{"id":318913,"href":"https:\/\/archive.sana.sy\/tr\/index.php?rest_route=\/wp\/v2\/posts\/318887\/revisions\/318913"}],"wp:featuredmedia":[{"embeddable":true,"href":"https:\/\/archive.sana.sy\/tr\/index.php?rest_route=\/wp\/v2\/media\/318888"}],"wp:attachment":[{"href":"https:\/\/archive.sana.sy\/tr\/index.php?rest_route=%2Fwp%2Fv2%2Fmedia&parent=318887"}],"wp:term":[{"taxonomy":"category","embeddable":true,"href":"https:\/\/archive.sana.sy\/tr\/index.php?rest_route=%2Fwp%2Fv2%2Fcategories&post=318887"},{"taxonomy":"post_tag","embeddable":true,"href":"https:\/\/archive.sana.sy\/tr\/index.php?rest_route=%2Fwp%2Fv2%2Ftags&post=318887"}],"curies":[{"name":"wp","href":"https:\/\/api.w.org\/{rel}","templated":true}]}}