{"id":318907,"date":"2025-04-14T13:30:37","date_gmt":"2025-04-14T10:30:37","guid":{"rendered":"https:\/\/sana.sy\/tr\/?p=318907"},"modified":"2025-04-14T15:06:56","modified_gmt":"2025-04-14T12:06:56","slug":"lazkiye-kentinde-eski-savas-kalintilarinin-yakininda-cikan-yangin-sonucu-patlama-meydana-geldi","status":"publish","type":"post","link":"https:\/\/archive.sana.sy\/tr\/?p=318907","title":{"rendered":"Lazkiye Kentinde Eski Sava\u015f Kal\u0131nt\u0131lar\u0131n\u0131n Yak\u0131n\u0131nda \u00c7\u0131kan Yang\u0131n Sonucu Patlama Meydana Geldi"},"content":{"rendered":"<p style=\"text-align: justify;\"><span style=\"color: #800000;\"><strong>LAZK\u0130YE (SANA)<\/strong><\/span> &#8211; Lazkiye SANA muhabiri, kentte k\u0131sa s\u00fcre \u00f6nce meydana gelen patlaman\u0131n eski sava\u015f kal\u0131nt\u0131lar\u0131n\u0131n yak\u0131n\u0131nda \u00e7\u0131kan yang\u0131ndan kaynakland\u0131\u011f\u0131n\u0131, can kayb\u0131n\u0131n ya\u015fanmad\u0131\u011f\u0131n\u0131 belirtti.<\/p>\n<div id='gallery-1' class='gallery galleryid-318907 gallery-columns-2 gallery-size-full'><figure class='gallery-item'>\n\t\t\t<div class='gallery-icon landscape'>\n\t\t\t\t<a href='https:\/\/archive.sana.sy\/tr\/wp-content\/uploads\/2025\/04\/photo_2025-04-14_13-24-34.jpg'><img loading=\"lazy\" decoding=\"async\" width=\"1280\" height=\"867\" src=\"https:\/\/archive.sana.sy\/tr\/wp-content\/uploads\/2025\/04\/photo_2025-04-14_13-24-34.jpg\" class=\"attachment-full size-full\" alt=\"\" srcset=\"https:\/\/archive.sana.sy\/tr\/wp-content\/uploads\/2025\/04\/photo_2025-04-14_13-24-34.jpg 1280w, https:\/\/archive.sana.sy\/tr\/wp-content\/uploads\/2025\/04\/photo_2025-04-14_13-24-34-300x203.jpg 300w, https:\/\/archive.sana.sy\/tr\/wp-content\/uploads\/2025\/04\/photo_2025-04-14_13-24-34-1024x694.jpg 1024w, https:\/\/archive.sana.sy\/tr\/wp-content\/uploads\/2025\/04\/photo_2025-04-14_13-24-34-768x520.jpg 768w, https:\/\/archive.sana.sy\/tr\/wp-content\/uploads\/2025\/04\/photo_2025-04-14_13-24-34-110x75.jpg 110w\" sizes=\"auto, (max-width: 1280px) 100vw, 1280px\" \/><\/a>\n\t\t\t<\/div><\/figure><figure class='gallery-item'>\n\t\t\t<div class='gallery-icon landscape'>\n\t\t\t\t<a href='https:\/\/archive.sana.sy\/tr\/wp-content\/uploads\/2025\/04\/photo_2025-04-14_13-24-35.jpg'><img loading=\"lazy\" decoding=\"async\" width=\"1280\" height=\"720\" src=\"https:\/\/archive.sana.sy\/tr\/wp-content\/uploads\/2025\/04\/photo_2025-04-14_13-24-35.jpg\" class=\"attachment-full size-full\" alt=\"\" srcset=\"https:\/\/archive.sana.sy\/tr\/wp-content\/uploads\/2025\/04\/photo_2025-04-14_13-24-35.jpg 1280w, https:\/\/archive.sana.sy\/tr\/wp-content\/uploads\/2025\/04\/photo_2025-04-14_13-24-35-300x169.jpg 300w, https:\/\/archive.sana.sy\/tr\/wp-content\/uploads\/2025\/04\/photo_2025-04-14_13-24-35-1024x576.jpg 1024w, https:\/\/archive.sana.sy\/tr\/wp-content\/uploads\/2025\/04\/photo_2025-04-14_13-24-35-768x432.jpg 768w\" sizes=\"auto, (max-width: 1280px) 100vw, 1280px\" \/><\/a>\n\t\t\t<\/div><\/figure>\n\t\t<\/div>\n\n","protected":false},"excerpt":{"rendered":"<p>LAZK\u0130YE (SANA) &#8211; Lazkiye SANA muhabiri, kentte k\u0131sa s\u00fcre \u00f6nce meydana gelen patlaman\u0131n eski sava\u015f kal\u0131nt\u0131lar\u0131n\u0131n yak\u0131n\u0131nda \u00e7\u0131kan yang\u0131ndan kaynakland\u0131\u011f\u0131n\u0131, can kayb\u0131n\u0131n ya\u015fanmad\u0131\u011f\u0131n\u0131 belirtti.<\/p>\n","protected":false},"author":36,"featured_media":318911,"comment_status":"closed","ping_status":"closed","sticky":false,"template":"","format":"standard","meta":{"footnotes":""},"categories":[589,479,575,17988,478],"tags":[],"class_list":["post-318907","post","type-post","status-publish","format-standard","has-post-thumbnail","","category-haber-seridi","category-haberler-yerel","category-olaylar-ve-gercekler","category-son-haberler","category-yerel"],"_links":{"self":[{"href":"https:\/\/archive.sana.sy\/tr\/index.php?rest_route=\/wp\/v2\/posts\/318907","targetHints":{"allow":["GET"]}}],"collection":[{"href":"https:\/\/archive.sana.sy\/tr\/index.php?rest_route=\/wp\/v2\/posts"}],"about":[{"href":"https:\/\/archive.sana.sy\/tr\/index.php?rest_route=\/wp\/v2\/types\/post"}],"author":[{"embeddable":true,"href":"https:\/\/archive.sana.sy\/tr\/index.php?rest_route=\/wp\/v2\/users\/36"}],"replies":[{"embeddable":true,"href":"https:\/\/archive.sana.sy\/tr\/index.php?rest_route=%2Fwp%2Fv2%2Fcomments&post=318907"}],"version-history":[{"count":2,"href":"https:\/\/archive.sana.sy\/tr\/index.php?rest_route=\/wp\/v2\/posts\/318907\/revisions"}],"predecessor-version":[{"id":318914,"href":"https:\/\/archive.sana.sy\/tr\/index.php?rest_route=\/wp\/v2\/posts\/318907\/revisions\/318914"}],"wp:featuredmedia":[{"embeddable":true,"href":"https:\/\/archive.sana.sy\/tr\/index.php?rest_route=\/wp\/v2\/media\/318911"}],"wp:attachment":[{"href":"https:\/\/archive.sana.sy\/tr\/index.php?rest_route=%2Fwp%2Fv2%2Fmedia&parent=318907"}],"wp:term":[{"taxonomy":"category","embeddable":true,"href":"https:\/\/archive.sana.sy\/tr\/index.php?rest_route=%2Fwp%2Fv2%2Fcategories&post=318907"},{"taxonomy":"post_tag","embeddable":true,"href":"https:\/\/archive.sana.sy\/tr\/index.php?rest_route=%2Fwp%2Fv2%2Ftags&post=318907"}],"curies":[{"name":"wp","href":"https:\/\/api.w.org\/{rel}","templated":true}]}}