{"id":318926,"date":"2025-04-14T16:36:32","date_gmt":"2025-04-14T13:36:32","guid":{"rendered":"https:\/\/sana.sy\/tr\/?p=318926"},"modified":"2025-04-14T16:39:25","modified_gmt":"2025-04-14T13:39:25","slug":"misir-ve-katar-suriyenin-birliginin-korunmasinin-halkinin-kaynaklarinin-ve-istikrarinin-korunmasinin-onemini-vurguladi","status":"publish","type":"post","link":"https:\/\/archive.sana.sy\/tr\/?p=318926","title":{"rendered":"M\u0131s\u0131r Ve Katar, Suriye&#8217;nin Birli\u011finin Korunmas\u0131n\u0131n, Halk\u0131n\u0131n Kaynaklar\u0131n\u0131n Ve \u0130stikrar\u0131n\u0131n Korunmas\u0131n\u0131n \u00d6nemini Vurgulad\u0131"},"content":{"rendered":"<p style=\"text-align: justify;\"><strong><span style=\"color: #800000;\">DOHA (SANA)<\/span> &#8211;<\/strong>\u00a0 Katar Emiri \u015eeyh Temim bin Hamad Al Sani ile M\u0131s\u0131r Cumhurba\u015fkan\u0131 Abd\u00fclfettah El Sisi, bug\u00fcn Katar&#8217;\u0131n ba\u015fkenti Doha&#8217;da ger\u00e7ekle\u015ftirdikleri g\u00f6r\u00fc\u015fmede, Suriye&#8217;nin birli\u011fi ve toprak b\u00fct\u00fcnl\u00fc\u011f\u00fcn\u00fcn korunmas\u0131 ile halk\u0131n\u0131n kaynaklar\u0131 ve istikrar\u0131n\u0131n korunmas\u0131n\u0131n \u00f6nemini vurgulad\u0131.<\/p>\n<p style=\"text-align: justify;\">M\u0131s\u0131r Cumhurba\u015fkanl\u0131\u011f\u0131 S\u00f6zc\u00fcs\u00fc B\u00fcy\u00fckel\u00e7i Muhammed El \u015eenavi, resmi Facebook sayfas\u0131ndan yapt\u0131\u011f\u0131 a\u00e7\u0131klamada, El Sisi ile Al Sani&#8217;nin b\u00f6lgedeki durum ve baz\u0131 b\u00f6lgesel konu ve geli\u015fmeleri ele ald\u0131\u011f\u0131n\u0131 kaydederek, \u2018\u2019Gazze \u015eeridi&#8217;nde ate\u015fkes sa\u011flanmas\u0131 ve b\u00f6lgede k\u00f6t\u00fcle\u015fen insani durumun ele al\u0131nmas\u0131, Gazze \u015eeridi&#8217;nin kar\u015f\u0131 kar\u015f\u0131ya oldu\u011fu insani felaketin \u00f6nlenmesi i\u00e7in yeterli insani yard\u0131m sa\u011flanmas\u0131 y\u00f6n\u00fcndeki \u00e7abalar hakk\u0131nda g\u00f6r\u00fc\u015f al\u0131\u015fveri\u015finde bulunuldu\u2019\u2019 ifadelerini kulland\u0131.<\/p>\n<p style=\"text-align: justify;\">Her iki taraf ayr\u0131ca, \u00a0Filistinlilerin topraklar\u0131ndan s\u00fcr\u00fclmesini kesin bir dille reddetti ve ba\u011f\u0131ms\u0131z bir Filistin devletinin kurulmas\u0131na yol a\u00e7acak siyasi bir ufuk i\u00e7in \u00e7al\u0131\u015fman\u0131n gereklili\u011fini vurgulad\u0131.<\/p>\n","protected":false},"excerpt":{"rendered":"<p>DOHA (SANA) &#8211;\u00a0 Katar Emiri \u015eeyh Temim bin Hamad Al Sani ile M\u0131s\u0131r Cumhurba\u015fkan\u0131 Abd\u00fclfettah El Sisi, bug\u00fcn Katar&#8217;\u0131n ba\u015fkenti Doha&#8217;da ger\u00e7ekle\u015ftirdikleri g\u00f6r\u00fc\u015fmede, Suriye&#8217;nin birli\u011fi ve toprak b\u00fct\u00fcnl\u00fc\u011f\u00fcn\u00fcn korunmas\u0131 ile halk\u0131n\u0131n kaynaklar\u0131 ve istikrar\u0131n\u0131n korunmas\u0131n\u0131n \u00f6nemini vurgulad\u0131. M\u0131s\u0131r Cumhurba\u015fkanl\u0131\u011f\u0131 S\u00f6zc\u00fcs\u00fc B\u00fcy\u00fckel\u00e7i Muhammed El \u015eenavi, resmi Facebook sayfas\u0131ndan yapt\u0131\u011f\u0131 a\u00e7\u0131klamada, El Sisi ile Al Sani&#8217;nin b\u00f6lgedeki &hellip;<\/p>\n","protected":false},"author":41,"featured_media":318927,"comment_status":"closed","ping_status":"closed","sticky":false,"template":"","format":"standard","meta":{"footnotes":""},"categories":[458,589,459,17988],"tags":[],"class_list":["post-318926","post","type-post","status-publish","format-standard","has-post-thumbnail","","category-dunya1","category-haber-seridi","category-haberler-arap-uluslararasi-politika","category-son-haberler"],"_links":{"self":[{"href":"https:\/\/archive.sana.sy\/tr\/index.php?rest_route=\/wp\/v2\/posts\/318926","targetHints":{"allow":["GET"]}}],"collection":[{"href":"https:\/\/archive.sana.sy\/tr\/index.php?rest_route=\/wp\/v2\/posts"}],"about":[{"href":"https:\/\/archive.sana.sy\/tr\/index.php?rest_route=\/wp\/v2\/types\/post"}],"author":[{"embeddable":true,"href":"https:\/\/archive.sana.sy\/tr\/index.php?rest_route=\/wp\/v2\/users\/41"}],"replies":[{"embeddable":true,"href":"https:\/\/archive.sana.sy\/tr\/index.php?rest_route=%2Fwp%2Fv2%2Fcomments&post=318926"}],"version-history":[{"count":2,"href":"https:\/\/archive.sana.sy\/tr\/index.php?rest_route=\/wp\/v2\/posts\/318926\/revisions"}],"predecessor-version":[{"id":318929,"href":"https:\/\/archive.sana.sy\/tr\/index.php?rest_route=\/wp\/v2\/posts\/318926\/revisions\/318929"}],"wp:featuredmedia":[{"embeddable":true,"href":"https:\/\/archive.sana.sy\/tr\/index.php?rest_route=\/wp\/v2\/media\/318927"}],"wp:attachment":[{"href":"https:\/\/archive.sana.sy\/tr\/index.php?rest_route=%2Fwp%2Fv2%2Fmedia&parent=318926"}],"wp:term":[{"taxonomy":"category","embeddable":true,"href":"https:\/\/archive.sana.sy\/tr\/index.php?rest_route=%2Fwp%2Fv2%2Fcategories&post=318926"},{"taxonomy":"post_tag","embeddable":true,"href":"https:\/\/archive.sana.sy\/tr\/index.php?rest_route=%2Fwp%2Fv2%2Ftags&post=318926"}],"curies":[{"name":"wp","href":"https:\/\/api.w.org\/{rel}","templated":true}]}}