{"id":318933,"date":"2025-04-14T17:22:38","date_gmt":"2025-04-14T14:22:38","guid":{"rendered":"https:\/\/sana.sy\/tr\/?p=318933"},"modified":"2025-04-14T17:24:34","modified_gmt":"2025-04-14T14:24:34","slug":"savunma-bakanligindan-bir-heyet-guvenlik-ve-askeri-durumu-gozden-gecirmek-amaciyla-dogu-halep-kirsalindaki-tisrin-baraji-aksini-denetledi","status":"publish","type":"post","link":"https:\/\/archive.sana.sy\/tr\/?p=318933","title":{"rendered":"Savunma Bakanl\u0131\u011f\u0131&#8217;ndan Bir Heyet, G\u00fcvenlik Ve Askeri Durumu G\u00f6zden Ge\u00e7irmek Amac\u0131yla Do\u011fu Halep K\u0131rsal\u0131ndaki Ti\u015frin Baraj\u0131 Aks\u0131n\u0131 Denetledi"},"content":{"rendered":"<p style=\"text-align: justify;\"><span style=\"color: #800000;\"><strong>HALEP (SANA)<\/strong> <\/span>\u2013 \u00a0Savunma Bakanl\u0131\u011f\u0131&#8217;ndan 60. T\u00fcmen Komutan\u0131 Tu\u011fgeneral Avvad Muhammed ba\u015fkanl\u0131\u011f\u0131ndaki bir heyet, b\u00f6lgedeki g\u00fcvenlik ve askeri durumu g\u00f6zden ge\u00e7irmek amac\u0131yla do\u011fu Halep k\u0131rsal\u0131ndaki Ti\u015frin Baraj\u0131 ekseninde saha turu ger\u00e7ekle\u015ftirdi.<\/p>\n<p style=\"text-align: justify;\">Savunma Bakanl\u0131\u011f\u0131&#8217;n\u0131n bu b\u00f6lgelerde g\u00fcvenli\u011fi ve istikrar\u0131 sa\u011flama ve denetimi g\u00fc\u00e7lendirme \u00e7abalar\u0131 kapsam\u0131nda, baraj \u00e7evresindeki baz\u0131 k\u00f6y ve askeri noktalara ziyaretler ger\u00e7ekle\u015ftirildi.<\/p>\n<p style=\"text-align: justify;\">Tu\u011fgeneral Avvad ayr\u0131ca, SANA&#8217;n\u0131n Halep muhabirine yapt\u0131\u011f\u0131 a\u00e7\u0131klamada, Ti\u015frin Baraj\u0131&#8217;n\u0131n ilgili makamlar aras\u0131nda tam koordinasyon \u00e7er\u00e7evesinde \u00f6n\u00fcm\u00fczdeki g\u00fcnlerde a\u00e7\u0131klanacak titizlikle de\u011ferlendirilen bir takvim \u00e7er\u00e7evesinde teslim edilece\u011fini do\u011frulad\u0131.<\/p>\n<p style=\"text-align: justify;\">Bakanl\u0131\u011f\u0131n, may\u0131n temizleme konusunda uzmanla\u015fm\u0131\u015f m\u00fchendislik ekiplerini devreye sokarak, t\u00fcm b\u00f6lgenin g\u00fcvenli\u011finin sa\u011flanarak yerinden edilenlerin geri d\u00f6nmesine haz\u0131r hale getirilece\u011fini a\u00e7\u0131klayan Avvad, vatanda\u015flar\u0131n can g\u00fcvenli\u011finin sa\u011flanmas\u0131 amac\u0131yla, tarama ve g\u00fcvenlik \u00e7al\u0131\u015fmalar\u0131 tamamlanmadan \u00e7evre k\u00f6ylere geri d\u00f6n\u00fclmemesi gerekti\u011finin alt\u0131n\u0131 \u00e7izdi.<\/p>\n<p style=\"text-align: justify;\">Bu tur, baraj\u0131n durumu ile teknik ve g\u00fcvenlik ihtiya\u00e7lar\u0131n\u0131 de\u011ferlendirmek amac\u0131yla h\u00fck\u00fcmet heyetinin daha \u00f6nce baraj sahas\u0131na yapt\u0131\u011f\u0131 ziyaretin ard\u0131ndan ger\u00e7ekle\u015ftiriliyor.<\/p>\n<div id='gallery-1' class='gallery galleryid-318933 gallery-columns-2 gallery-size-medium'><figure class='gallery-item'>\n\t\t\t<div class='gallery-icon landscape'>\n\t\t\t\t<a href='https:\/\/archive.sana.sy\/tr\/?attachment_id=318935'><img loading=\"lazy\" decoding=\"async\" width=\"300\" height=\"200\" src=\"https:\/\/archive.sana.sy\/tr\/wp-content\/uploads\/2025\/04\/photo_1_2025-04-14_17-12-30-copy-300x200.jpg\" class=\"attachment-medium size-medium\" alt=\"\" srcset=\"https:\/\/archive.sana.sy\/tr\/wp-content\/uploads\/2025\/04\/photo_1_2025-04-14_17-12-30-copy-300x200.jpg 300w, https:\/\/archive.sana.sy\/tr\/wp-content\/uploads\/2025\/04\/photo_1_2025-04-14_17-12-30-copy.jpg 660w\" sizes=\"auto, (max-width: 300px) 100vw, 300px\" \/><\/a>\n\t\t\t<\/div><\/figure><figure class='gallery-item'>\n\t\t\t<div class='gallery-icon landscape'>\n\t\t\t\t<a href='https:\/\/archive.sana.sy\/tr\/?attachment_id=318936'><img loading=\"lazy\" decoding=\"async\" width=\"300\" height=\"210\" src=\"https:\/\/archive.sana.sy\/tr\/wp-content\/uploads\/2025\/04\/photo_2_2025-04-14_17-12-30-copy-300x210.jpg\" class=\"attachment-medium size-medium\" alt=\"\" srcset=\"https:\/\/archive.sana.sy\/tr\/wp-content\/uploads\/2025\/04\/photo_2_2025-04-14_17-12-30-copy-300x210.jpg 300w, https:\/\/archive.sana.sy\/tr\/wp-content\/uploads\/2025\/04\/photo_2_2025-04-14_17-12-30-copy.jpg 660w\" sizes=\"auto, (max-width: 300px) 100vw, 300px\" \/><\/a>\n\t\t\t<\/div><\/figure>\n\t\t<\/div>\n\n","protected":false},"excerpt":{"rendered":"<p>HALEP (SANA) \u2013 \u00a0Savunma Bakanl\u0131\u011f\u0131&#8217;ndan 60. T\u00fcmen Komutan\u0131 Tu\u011fgeneral Avvad Muhammed ba\u015fkanl\u0131\u011f\u0131ndaki bir heyet, b\u00f6lgedeki g\u00fcvenlik ve askeri durumu g\u00f6zden ge\u00e7irmek amac\u0131yla do\u011fu Halep k\u0131rsal\u0131ndaki Ti\u015frin Baraj\u0131 ekseninde saha turu ger\u00e7ekle\u015ftirdi. Savunma Bakanl\u0131\u011f\u0131&#8217;n\u0131n bu b\u00f6lgelerde g\u00fcvenli\u011fi ve istikrar\u0131 sa\u011flama ve denetimi g\u00fc\u00e7lendirme \u00e7abalar\u0131 kapsam\u0131nda, baraj \u00e7evresindeki baz\u0131 k\u00f6y ve askeri noktalara ziyaretler ger\u00e7ekle\u015ftirildi. Tu\u011fgeneral Avvad &hellip;<\/p>\n","protected":false},"author":41,"featured_media":318934,"comment_status":"closed","ping_status":"closed","sticky":false,"template":"","format":"standard","meta":{"footnotes":""},"categories":[589,479,17988,478],"tags":[],"class_list":["post-318933","post","type-post","status-publish","format-standard","has-post-thumbnail","","category-haber-seridi","category-haberler-yerel","category-son-haberler","category-yerel"],"_links":{"self":[{"href":"https:\/\/archive.sana.sy\/tr\/index.php?rest_route=\/wp\/v2\/posts\/318933","targetHints":{"allow":["GET"]}}],"collection":[{"href":"https:\/\/archive.sana.sy\/tr\/index.php?rest_route=\/wp\/v2\/posts"}],"about":[{"href":"https:\/\/archive.sana.sy\/tr\/index.php?rest_route=\/wp\/v2\/types\/post"}],"author":[{"embeddable":true,"href":"https:\/\/archive.sana.sy\/tr\/index.php?rest_route=\/wp\/v2\/users\/41"}],"replies":[{"embeddable":true,"href":"https:\/\/archive.sana.sy\/tr\/index.php?rest_route=%2Fwp%2Fv2%2Fcomments&post=318933"}],"version-history":[{"count":1,"href":"https:\/\/archive.sana.sy\/tr\/index.php?rest_route=\/wp\/v2\/posts\/318933\/revisions"}],"predecessor-version":[{"id":318937,"href":"https:\/\/archive.sana.sy\/tr\/index.php?rest_route=\/wp\/v2\/posts\/318933\/revisions\/318937"}],"wp:featuredmedia":[{"embeddable":true,"href":"https:\/\/archive.sana.sy\/tr\/index.php?rest_route=\/wp\/v2\/media\/318934"}],"wp:attachment":[{"href":"https:\/\/archive.sana.sy\/tr\/index.php?rest_route=%2Fwp%2Fv2%2Fmedia&parent=318933"}],"wp:term":[{"taxonomy":"category","embeddable":true,"href":"https:\/\/archive.sana.sy\/tr\/index.php?rest_route=%2Fwp%2Fv2%2Fcategories&post=318933"},{"taxonomy":"post_tag","embeddable":true,"href":"https:\/\/archive.sana.sy\/tr\/index.php?rest_route=%2Fwp%2Fv2%2Ftags&post=318933"}],"curies":[{"name":"wp","href":"https:\/\/api.w.org\/{rel}","templated":true}]}}