{"id":31896,"date":"2015-05-04T09:06:37","date_gmt":"2015-05-04T06:06:37","guid":{"rendered":"http:\/\/www.sana.sy\/tr\/?p=31896"},"modified":"2015-05-04T09:06:37","modified_gmt":"2015-05-04T06:06:37","slug":"su-kaynaklari-bakanligi-unicef-ile-ortak-calisma-anlasmasi-imzaladi","status":"publish","type":"post","link":"https:\/\/archive.sana.sy\/tr\/?p=31896","title":{"rendered":"Su Kaynaklar\u0131 Bakanl\u0131\u011f\u0131 UNICEF \u0130le Ortak \u00c7al\u0131\u015fma Anla\u015fmas\u0131 \u0130mzalad\u0131"},"content":{"rendered":"<p>\u015eAM \u2013 Su Kaynaklar\u0131 Bakanl\u0131\u011f\u0131 d\u00fcn BM-UNICEF \u00d6rg\u00fct\u00fc ile su ve kanalizasyon alan\u0131nda ortak \u00e7al\u0131\u015fma anla\u015fmas\u0131 imzalad\u0131.<\/p>\n<p>Su Kaynaklar\u0131 Bakan\u0131 Kemal \u015eeyha anla\u015fman\u0131n imzaland\u0131\u011f\u0131 toplant\u0131da, b\u00fct\u00fcn vatanda\u015flara temiz su temin edilmesi \u00e7abalar\u0131n\u0131n bakanl\u0131\u011f\u0131n \u00f6ncelikleri aras\u0131nda yer ald\u0131\u011f\u0131na i\u015faret ederek UNICEF\u2019in bu kapsamda sergiledi\u011fi misyonu \u00f6vg\u00fcl\u00fc c\u00fcmlelerle ifade etti.<\/p>\n<p>Hayati \u00f6neme sahip projelerin uygulamas\u0131na biran \u00f6nce ba\u015flama gere\u011fine odaklanan \u015eeyha, vatanda\u015flar\u0131n i\u00e7me suyu ile ilgili ihtiya\u00e7lar\u0131n\u0131n kar\u015f\u0131lanmas\u0131 ile ilgili karar ve faaliyetlerde bakanl\u0131k ve finansmanlar\u0131n h\u0131zl\u0131 hareket etmesinin \u00f6nemini vurgulad\u0131.<\/p>\n<p>UNICEF\u2019in Suriye&#8217;de ikame Eden Temsilcisi Hena Sencar ise, Su Kaynaklar\u0131 Bakanl\u0131\u011f\u0131 ile UNICEF aras\u0131ndaki verimli i\u015fbirli\u011finin olumluluklar\u0131na i\u015faret ederek iki taraf\u0131nda Suriyeli vatanda\u015flar\u0131n i\u00e7me suyu ihtiya\u00e7lar\u0131n\u0131 kar\u015f\u0131lamaya \u00f6nem verdi\u011fini belirtti.<\/p>\n<p>Toplant\u0131ya, Su Kaynaklar\u0131 Bakan\u0131 Yard\u0131mc\u0131lar\u0131, Su Kaynaklar\u0131 Kurumu M\u00fcd\u00fcr\u00fc, \u015eam \u0130\u00e7me Suyu ve Kanalizasyon Kurumu M\u00fcd\u00fcr\u00fc ve UNICEF Temsilcisine e\u015flik eden heyet kat\u0131ld\u0131.<\/p>\n<p>F.B &#8211; S.\u015e<\/p>\n","protected":false},"excerpt":{"rendered":"<p>\u015eAM \u2013 Su Kaynaklar\u0131 Bakanl\u0131\u011f\u0131 d\u00fcn BM-UNICEF \u00d6rg\u00fct\u00fc ile su ve kanalizasyon alan\u0131nda ortak \u00e7al\u0131\u015fma anla\u015fmas\u0131 imzalad\u0131. Su Kaynaklar\u0131 Bakan\u0131 Kemal \u015eeyha anla\u015fman\u0131n imzaland\u0131\u011f\u0131 toplant\u0131da, b\u00fct\u00fcn vatanda\u015flara temiz su temin edilmesi \u00e7abalar\u0131n\u0131n bakanl\u0131\u011f\u0131n \u00f6ncelikleri aras\u0131nda yer ald\u0131\u011f\u0131na i\u015faret ederek UNICEF\u2019in bu kapsamda sergiledi\u011fi misyonu \u00f6vg\u00fcl\u00fc c\u00fcmlelerle ifade etti. Hayati \u00f6neme sahip projelerin uygulamas\u0131na biran \u00f6nce &hellip;<\/p>\n","protected":false},"author":1,"featured_media":31897,"comment_status":"closed","ping_status":"closed","sticky":false,"template":"","format":"standard","meta":{"footnotes":""},"categories":[479,478],"tags":[14254],"class_list":["post-31896","post","type-post","status-publish","format-standard","has-post-thumbnail","","category-haberler-yerel","category-yerel","tag-su-kaynaklari-bakanligi-unicef-ile-ortak-calisma-anlasmasi-imzaladi"],"_links":{"self":[{"href":"https:\/\/archive.sana.sy\/tr\/index.php?rest_route=\/wp\/v2\/posts\/31896","targetHints":{"allow":["GET"]}}],"collection":[{"href":"https:\/\/archive.sana.sy\/tr\/index.php?rest_route=\/wp\/v2\/posts"}],"about":[{"href":"https:\/\/archive.sana.sy\/tr\/index.php?rest_route=\/wp\/v2\/types\/post"}],"author":[{"embeddable":true,"href":"https:\/\/archive.sana.sy\/tr\/index.php?rest_route=\/wp\/v2\/users\/1"}],"replies":[{"embeddable":true,"href":"https:\/\/archive.sana.sy\/tr\/index.php?rest_route=%2Fwp%2Fv2%2Fcomments&post=31896"}],"version-history":[{"count":0,"href":"https:\/\/archive.sana.sy\/tr\/index.php?rest_route=\/wp\/v2\/posts\/31896\/revisions"}],"wp:featuredmedia":[{"embeddable":true,"href":"https:\/\/archive.sana.sy\/tr\/index.php?rest_route=\/wp\/v2\/media\/31897"}],"wp:attachment":[{"href":"https:\/\/archive.sana.sy\/tr\/index.php?rest_route=%2Fwp%2Fv2%2Fmedia&parent=31896"}],"wp:term":[{"taxonomy":"category","embeddable":true,"href":"https:\/\/archive.sana.sy\/tr\/index.php?rest_route=%2Fwp%2Fv2%2Fcategories&post=31896"},{"taxonomy":"post_tag","embeddable":true,"href":"https:\/\/archive.sana.sy\/tr\/index.php?rest_route=%2Fwp%2Fv2%2Ftags&post=31896"}],"curies":[{"name":"wp","href":"https:\/\/api.w.org\/{rel}","templated":true}]}}