{"id":31899,"date":"2015-05-04T09:11:40","date_gmt":"2015-05-04T06:11:40","guid":{"rendered":"http:\/\/www.sana.sy\/tr\/?p=31899"},"modified":"2015-05-04T09:12:40","modified_gmt":"2015-05-04T06:12:40","slug":"rusya-yuksek-secim-kurulu-ile-isbirligi-protokolu-imzalaniyor","status":"publish","type":"post","link":"https:\/\/archive.sana.sy\/tr\/?p=31899","title":{"rendered":"Rusya Y\u00fcksek Se\u00e7im Kurulu \u0130le \u0130\u015fbirli\u011fi Protokol\u00fc \u0130mzalan\u0131yor"},"content":{"rendered":"<p>\u015eAM \u2013 Y\u00fcksek Se\u00e7im Kurulu Ba\u015fkan\u0131 Hi\u015fam el \u015eear, yak\u0131n bir s\u00fcre\u00e7te Suriye ve Rusya Y\u00fcksek Se\u00e7im Kurullar\u0131n\u0131n deneyim al\u0131\u015fveri\u015fi ve i\u015fbirli\u011fi i\u00e7erikli bir protokol imzalayacaklar\u0131n\u0131 a\u00e7\u0131klad\u0131.<\/p>\n<p>\u015eear SANA Muhabirine verdi\u011fi \u00f6zel r\u00f6portajda, ge\u00e7ti\u011fimiz g\u00fcnlerde Y\u00fcksek Se\u00e7im Kurulundan bir heyetin Moskova\u2019y\u0131 ziyaret ederek Rusya Y\u00fcksek Se\u00e7im Kurulu ile g\u00f6r\u00fc\u015fmelerde bulundu\u011funu ifade ederek g\u00f6r\u00fc\u015fmelerde bulunan heyet ba\u015fkan\u0131n\u0131n g\u00f6r\u00fc\u015fmelerin olumlu ge\u00e7ti\u011fini a\u00e7\u0131klad\u0131\u011f\u0131n\u0131 belirtti.<\/p>\n<p>Bilinece\u011fi \u00fczere Y\u00fcksek Se\u00e7im Kurulundan bir heyet, Rusya\u2019dan gelen davet \u00fczerine 19 ile 26 Nisan tarihleri aras\u0131nda bir ziyaret d\u00fczenleyerek, se\u00e7imler alan\u0131nda kar\u015f\u0131l\u0131kl\u0131 deneyim al\u0131\u015fveri\u015fi ve i\u015fbirli\u011finde bulunmu\u015f en iyi standartlara ve \u015feffafl\u0131\u011fa ula\u015fma y\u00f6ntemlerini incelemi\u015fti.<\/p>\n<p>Heyetin, ziyareti s\u0131ras\u0131nda bir\u00e7ok Rusyal\u0131 yetkili ile bir araya geldi\u011fine i\u015faret eden \u015eear, g\u00f6r\u00fc\u015fmelerde Suriye Se\u00e7im Kanunun Rusyal\u0131 yetkililer taraf\u0131ndan \u00f6v\u00fcld\u00fc\u011f\u00fcn\u00fc aktard\u0131.<\/p>\n<p>F.B &#8211; S.\u015e<\/p>\n","protected":false},"excerpt":{"rendered":"<p>\u015eAM \u2013 Y\u00fcksek Se\u00e7im Kurulu Ba\u015fkan\u0131 Hi\u015fam el \u015eear, yak\u0131n bir s\u00fcre\u00e7te Suriye ve Rusya Y\u00fcksek Se\u00e7im Kurullar\u0131n\u0131n deneyim al\u0131\u015fveri\u015fi ve i\u015fbirli\u011fi i\u00e7erikli bir protokol imzalayacaklar\u0131n\u0131 a\u00e7\u0131klad\u0131. \u015eear SANA Muhabirine verdi\u011fi \u00f6zel r\u00f6portajda, ge\u00e7ti\u011fimiz g\u00fcnlerde Y\u00fcksek Se\u00e7im Kurulundan bir heyetin Moskova\u2019y\u0131 ziyaret ederek Rusya Y\u00fcksek Se\u00e7im Kurulu ile g\u00f6r\u00fc\u015fmelerde bulundu\u011funu ifade ederek g\u00f6r\u00fc\u015fmelerde bulunan heyet &hellip;<\/p>\n","protected":false},"author":1,"featured_media":31901,"comment_status":"closed","ping_status":"closed","sticky":false,"template":"","format":"standard","meta":{"footnotes":""},"categories":[479,478],"tags":[14255],"class_list":["post-31899","post","type-post","status-publish","format-standard","has-post-thumbnail","","category-haberler-yerel","category-yerel","tag-rusya-yuksek-secim-kurulu-ile-isbirligi-protokolu-imzalaniyor"],"_links":{"self":[{"href":"https:\/\/archive.sana.sy\/tr\/index.php?rest_route=\/wp\/v2\/posts\/31899","targetHints":{"allow":["GET"]}}],"collection":[{"href":"https:\/\/archive.sana.sy\/tr\/index.php?rest_route=\/wp\/v2\/posts"}],"about":[{"href":"https:\/\/archive.sana.sy\/tr\/index.php?rest_route=\/wp\/v2\/types\/post"}],"author":[{"embeddable":true,"href":"https:\/\/archive.sana.sy\/tr\/index.php?rest_route=\/wp\/v2\/users\/1"}],"replies":[{"embeddable":true,"href":"https:\/\/archive.sana.sy\/tr\/index.php?rest_route=%2Fwp%2Fv2%2Fcomments&post=31899"}],"version-history":[{"count":0,"href":"https:\/\/archive.sana.sy\/tr\/index.php?rest_route=\/wp\/v2\/posts\/31899\/revisions"}],"wp:featuredmedia":[{"embeddable":true,"href":"https:\/\/archive.sana.sy\/tr\/index.php?rest_route=\/wp\/v2\/media\/31901"}],"wp:attachment":[{"href":"https:\/\/archive.sana.sy\/tr\/index.php?rest_route=%2Fwp%2Fv2%2Fmedia&parent=31899"}],"wp:term":[{"taxonomy":"category","embeddable":true,"href":"https:\/\/archive.sana.sy\/tr\/index.php?rest_route=%2Fwp%2Fv2%2Fcategories&post=31899"},{"taxonomy":"post_tag","embeddable":true,"href":"https:\/\/archive.sana.sy\/tr\/index.php?rest_route=%2Fwp%2Fv2%2Ftags&post=31899"}],"curies":[{"name":"wp","href":"https:\/\/api.w.org\/{rel}","templated":true}]}}