{"id":319137,"date":"2025-04-16T18:53:10","date_gmt":"2025-04-16T15:53:10","guid":{"rendered":"https:\/\/sana.sy\/tr\/?p=319137"},"modified":"2025-04-16T18:55:00","modified_gmt":"2025-04-16T15:55:00","slug":"suriye-ve-turkiye-ulastirma-sektorunde-is-birliginin-artirilmasini-gorustu","status":"publish","type":"post","link":"https:\/\/archive.sana.sy\/tr\/?p=319137","title":{"rendered":"Suriye Ve T\u00fcrkiye Ula\u015ft\u0131rma Sekt\u00f6r\u00fcnde \u0130\u015f Birli\u011finin Art\u0131r\u0131lmas\u0131n\u0131 G\u00f6r\u00fc\u015ft\u00fc"},"content":{"rendered":"<p style=\"text-align: justify;\"><span style=\"color: #800000;\"><strong>\u015eAM (SANA)<\/strong> &#8211;<\/span>\u00a0 Ula\u015ft\u0131rma Bakan\u0131 Dr. Yarub Bedir, T\u00fcrk Ticaret Bakan\u0131 \u00d6mer Polat ve beraberindeki heyetle, \u00f6zellikle ula\u015ft\u0131rma sekt\u00f6r\u00fcnde ekonomik kalk\u0131nma alan\u0131nda i\u015f birli\u011finin art\u0131r\u0131lmas\u0131 yollar\u0131n\u0131 g\u00f6r\u00fc\u015ft\u00fc.<\/p>\n<p style=\"text-align: justify;\"><img loading=\"lazy\" decoding=\"async\" class=\"size-full wp-image-319139 alignright\" src=\"http:\/\/sana.sy\/tr\/wp-content\/uploads\/2025\/04\/photo_2025-04-16_18-28-31-300x192-1.jpg\" alt=\"\" width=\"300\" height=\"192\" \/>\u015eam&#8217;daki Bakanl\u0131k binas\u0131nda bug\u00fcn ger\u00e7ekle\u015ftirilen g\u00f6r\u00fc\u015fmede, ula\u015ft\u0131rma alan\u0131nda ili\u015fkilerin geli\u015ftirilmesi, lojistik hizmetler alan\u0131nda ba\u011flar\u0131n g\u00fc\u00e7lendirilmesi ve T\u00fcrkiye ile Suriye aras\u0131nda hava, deniz ve kara ula\u015ft\u0131rma projelerinde ortakl\u0131k kurulmas\u0131 imk\u00e2nlar\u0131na ili\u015fkin t\u00fcm konular ele al\u0131nd\u0131.<\/p>\n<p style=\"text-align: justify;\">Taraflar, \u00f6n\u00fcm\u00fczdeki d\u00f6nemde iki \u00fclke aras\u0131ndaki ekonomik i\u015f birli\u011finin g\u00fc\u00e7lendirilmesinin \u00f6nemini vurgulayarak, ekonomik akt\u00f6rler aras\u0131ndaki ili\u015fkilerin geli\u015ftirilmesine y\u00f6nelik mekanizmalar\u0131n ele al\u0131nmas\u0131 ve Suriye&#8217;nin yeniden in\u015fas\u0131na katk\u0131 sa\u011flanmas\u0131 amac\u0131yla resmi kurumlar aras\u0131ndaki koordinasyonun art\u0131r\u0131lmas\u0131 hususunu de\u011ferlendirdi.<\/p>\n<p style=\"text-align: justify;\">Bakan Bedir, yapt\u0131\u011f\u0131 konu\u015fmada, ziyaretin, T\u00fcrkiye&#8217;nin Suriye&#8217;nin kurtulu\u015fundan sonra \u00fclkeye verdi\u011fi deste\u011fin bir g\u00f6stergesi olmas\u0131n\u0131n yan\u0131 s\u0131ra, iki halk\u0131n yarar\u0131na olan t\u00fcm alanlarda Suriye-T\u00fcrkiye i\u015f birli\u011finin harekete ge\u00e7irilmesinin ba\u015flang\u0131c\u0131 olmas\u0131 bak\u0131m\u0131ndan da \u00f6nemli oldu\u011funu belirtti.<\/p>\n<p style=\"text-align: justify;\">Bakan Polat ise Suriye&#8217;yi, halk\u0131n\u0131 ve h\u00fck\u00fcmetini yeni d\u00f6nem dolay\u0131s\u0131yla tebrik ederek, Suriye halk\u0131na istikrar ve refah diledi.<\/p>\n<p style=\"text-align: justify;\">Bakan Polat ayr\u0131ca, iki \u00fclkenin dost oldu\u011funu ve entegrasyonun koordinasyonu i\u00e7in siyasi, ekonomik, ticari ve sosyal t\u00fcm alanlarda birlikte \u00e7al\u0131\u015facaklar\u0131n\u0131 vurgulad\u0131.<\/p>\n<p style=\"text-align: justify;\"><img loading=\"lazy\" decoding=\"async\" class=\"size-full wp-image-319141 alignright\" src=\"http:\/\/sana.sy\/tr\/wp-content\/uploads\/2025\/04\/photo_2025-04-16_18-28-33-300x183-1.jpg\" alt=\"\" width=\"300\" height=\"183\" \/>Bug\u00fcn Suriye&#8217;yi ziyaret eden T\u00fcrk heyetinin, yeni h\u00fck\u00fcmetin kurulmas\u0131n\u0131n ard\u0131ndan \u00fclkeyi ziyaret eden ilk resmi heyet oldu\u011funu belirten Bakan Polat, bundan sonra da kar\u015f\u0131l\u0131kl\u0131 ve yo\u011fun ziyaretlerin yap\u0131laca\u011f\u0131n\u0131, bu ziyaretlerin yeni Suriye&#8217;nin in\u015fas\u0131n\u0131n h\u0131zlanmas\u0131na katk\u0131 sa\u011flayaca\u011f\u0131n\u0131 kaydetti ve T\u00fcrk taraf\u0131n\u0131n Suriye&#8217;deki kara, deniz, hava ve demir yolu altyap\u0131lar\u0131n\u0131n yenilenmesi, in\u015fas\u0131 ve bak\u0131m\u0131na \u00f6zel \u00f6nem verdi\u011fini vurgulad\u0131.<\/p>\n<p style=\"text-align: justify;\">Bakan Polat, Suriye&#8217;nin Akdeniz, Ortado\u011fu ve K\u00f6rfez b\u00f6lgelerini birbirine ba\u011flayan \u00f6nemli bir lojistik merkez oldu\u011funu vurgularken, ekonomik yapt\u0131r\u0131mlar\u0131n kald\u0131r\u0131lmas\u0131 y\u00f6n\u00fcnde \u00e7aba g\u00f6sterilmesi gerekti\u011finin alt\u0131n\u0131 \u00e7izdi.<\/p>\n<p style=\"text-align: justify;\">T\u00fcrkiye Ula\u015ft\u0131rma Bakanl\u0131\u011f\u0131&#8217;n\u0131n Suriye Ula\u015ft\u0131rma Bakanl\u0131\u011f\u0131 ile tam koordinasyon i\u00e7inde olaca\u011f\u0131n\u0131 belirten Polat, halihaz\u0131rda faaliyette olan Cilveg\u00f6z, Zeytin Dal\u0131 ve Yaylada\u011f\u0131 s\u0131n\u0131r kap\u0131lar\u0131n\u0131n Lazkiye ve Tartus&#8217;a kadar uzanan etkili bir ula\u015f\u0131m a\u011f\u0131 olu\u015fturabilece\u011fini ifade etti.<\/p>\n<p style=\"text-align: justify;\">Polat, \u00f6zellikle kurtulu\u015ftan sonra iki \u00fclke aras\u0131ndaki deniz ta\u015f\u0131mac\u0131l\u0131\u011f\u0131nda \u00f6nemli art\u0131\u015f ya\u015fand\u0131\u011f\u0131n\u0131, bunun da Suriye limanlar\u0131n\u0131n geni\u015fletilmesi ve i\u015fletilmesini gerektirdi\u011fini belirtti. ve T\u00fcrkiye&#8217;nin bu alanda gayretle \u00e7al\u0131\u015ft\u0131\u011f\u0131n\u0131 ve her t\u00fcrl\u00fc deste\u011fi sa\u011flamaya haz\u0131r oldu\u011funu da kaydetti.<\/p>\n<p style=\"text-align: justify;\">T\u00fcrk heyetinde \u00e7ok say\u0131da bakanl\u0131k, ticaret ve sanayi odas\u0131 temsilcisi, i\u015f adamlar\u0131 ve \u015eam&#8217;daki T\u00fcrk Maslahatg\u00fczar\u0131 yer al\u0131yor.<\/p>\n","protected":false},"excerpt":{"rendered":"<p>\u015eAM (SANA) &#8211;\u00a0 Ula\u015ft\u0131rma Bakan\u0131 Dr. Yarub Bedir, T\u00fcrk Ticaret Bakan\u0131 \u00d6mer Polat ve beraberindeki heyetle, \u00f6zellikle ula\u015ft\u0131rma sekt\u00f6r\u00fcnde ekonomik kalk\u0131nma alan\u0131nda i\u015f birli\u011finin art\u0131r\u0131lmas\u0131 yollar\u0131n\u0131 g\u00f6r\u00fc\u015ft\u00fc. \u015eam&#8217;daki Bakanl\u0131k binas\u0131nda bug\u00fcn ger\u00e7ekle\u015ftirilen g\u00f6r\u00fc\u015fmede, ula\u015ft\u0131rma alan\u0131nda ili\u015fkilerin geli\u015ftirilmesi, lojistik hizmetler alan\u0131nda ba\u011flar\u0131n g\u00fc\u00e7lendirilmesi ve T\u00fcrkiye ile Suriye aras\u0131nda hava, deniz ve kara ula\u015ft\u0131rma projelerinde ortakl\u0131k kurulmas\u0131 &hellip;<\/p>\n","protected":false},"author":41,"featured_media":319138,"comment_status":"closed","ping_status":"closed","sticky":false,"template":"","format":"standard","meta":{"footnotes":""},"categories":[589,479,17988,478],"tags":[],"class_list":["post-319137","post","type-post","status-publish","format-standard","has-post-thumbnail","","category-haber-seridi","category-haberler-yerel","category-son-haberler","category-yerel"],"_links":{"self":[{"href":"https:\/\/archive.sana.sy\/tr\/index.php?rest_route=\/wp\/v2\/posts\/319137","targetHints":{"allow":["GET"]}}],"collection":[{"href":"https:\/\/archive.sana.sy\/tr\/index.php?rest_route=\/wp\/v2\/posts"}],"about":[{"href":"https:\/\/archive.sana.sy\/tr\/index.php?rest_route=\/wp\/v2\/types\/post"}],"author":[{"embeddable":true,"href":"https:\/\/archive.sana.sy\/tr\/index.php?rest_route=\/wp\/v2\/users\/41"}],"replies":[{"embeddable":true,"href":"https:\/\/archive.sana.sy\/tr\/index.php?rest_route=%2Fwp%2Fv2%2Fcomments&post=319137"}],"version-history":[{"count":3,"href":"https:\/\/archive.sana.sy\/tr\/index.php?rest_route=\/wp\/v2\/posts\/319137\/revisions"}],"predecessor-version":[{"id":319143,"href":"https:\/\/archive.sana.sy\/tr\/index.php?rest_route=\/wp\/v2\/posts\/319137\/revisions\/319143"}],"wp:featuredmedia":[{"embeddable":true,"href":"https:\/\/archive.sana.sy\/tr\/index.php?rest_route=\/wp\/v2\/media\/319138"}],"wp:attachment":[{"href":"https:\/\/archive.sana.sy\/tr\/index.php?rest_route=%2Fwp%2Fv2%2Fmedia&parent=319137"}],"wp:term":[{"taxonomy":"category","embeddable":true,"href":"https:\/\/archive.sana.sy\/tr\/index.php?rest_route=%2Fwp%2Fv2%2Fcategories&post=319137"},{"taxonomy":"post_tag","embeddable":true,"href":"https:\/\/archive.sana.sy\/tr\/index.php?rest_route=%2Fwp%2Fv2%2Ftags&post=319137"}],"curies":[{"name":"wp","href":"https:\/\/api.w.org\/{rel}","templated":true}]}}