{"id":319144,"date":"2025-04-17T08:00:15","date_gmt":"2025-04-17T05:00:15","guid":{"rendered":"https:\/\/sana.sy\/tr\/?p=319144"},"modified":"2025-04-17T10:09:01","modified_gmt":"2025-04-17T07:09:01","slug":"ebu-gayt-arap-orgut-ve-kurumlarini-suriye-ve-gazzedeki-yeniden-insa-projelerine-destek-vermeye-cagirdi","status":"publish","type":"post","link":"https:\/\/archive.sana.sy\/tr\/?p=319144","title":{"rendered":"Ebu Gayt, Arap \u00d6rg\u00fct Ve Kurumlar\u0131n\u0131 Suriye Ve Gazze&#8217;deki Yeniden \u0130n\u015fa Projelerine Destek Vermeye \u00c7a\u011f\u0131rd\u0131"},"content":{"rendered":"<p style=\"text-align: justify;\"><strong>TUNUS (SANA) &#8211;\u00a0 <\/strong>Arap Birli\u011fi Genel Sekreteri Ahmed Ebu Gayt, bug\u00fcn Arap \u00f6rg\u00fct ve kurumlar\u0131n\u0131 Suriye ve Gazze \u015eeridi&#8217;ndeki yeniden in\u015fa projelerini desteklemeye ve bu konuda m\u00fcmk\u00fcn olan her t\u00fcrl\u00fc deste\u011fi sa\u011flamaya \u00e7a\u011f\u0131rd\u0131.<\/p>\n<p style=\"text-align: justify;\">El Ahram Kap\u0131s\u0131 internet sitesinde yer alan habere g\u00f6re, Ebu Geyt, Tunus&#8217;ta Ortak Arap Eylem Y\u00fcksek Koordinasyon Komitesi&#8217;nin 57. oturumunun a\u00e7\u0131l\u0131\u015f\u0131nda yapt\u0131\u011f\u0131 konu\u015fmada \u015funlar\u0131 s\u00f6yledi: &#8221;Suriye ve Gazze \u015eeridi&#8217;nde \u00e7at\u0131\u015fma sonras\u0131 \u00fclkeleri destekleme ve yeniden yap\u0131lanma projelerini te\u015fvik etme konusunda ortak Arap eylem \u00f6rg\u00fctleri ve kurumlar\u0131n\u0131n rol\u00fcn\u00fcn bu toplant\u0131lar\u0131n g\u00fcndeminin en \u00fcst s\u0131ras\u0131na yerle\u015ftirilmesini talimatland\u0131rd\u0131m.\u201d<\/p>\n","protected":false},"excerpt":{"rendered":"<p>TUNUS (SANA) &#8211;\u00a0 Arap Birli\u011fi Genel Sekreteri Ahmed Ebu Gayt, bug\u00fcn Arap \u00f6rg\u00fct ve kurumlar\u0131n\u0131 Suriye ve Gazze \u015eeridi&#8217;ndeki yeniden in\u015fa projelerini desteklemeye ve bu konuda m\u00fcmk\u00fcn olan her t\u00fcrl\u00fc deste\u011fi sa\u011flamaya \u00e7a\u011f\u0131rd\u0131. El Ahram Kap\u0131s\u0131 internet sitesinde yer alan habere g\u00f6re, Ebu Geyt, Tunus&#8217;ta Ortak Arap Eylem Y\u00fcksek Koordinasyon Komitesi&#8217;nin 57. oturumunun a\u00e7\u0131l\u0131\u015f\u0131nda yapt\u0131\u011f\u0131 &hellip;<\/p>\n","protected":false},"author":44,"featured_media":319145,"comment_status":"closed","ping_status":"closed","sticky":false,"template":"","format":"standard","meta":{"footnotes":""},"categories":[458,589,459,17988],"tags":[43738,43737],"class_list":["post-319144","post","type-post","status-publish","format-standard","has-post-thumbnail","","category-dunya1","category-haber-seridi","category-haberler-arap-uluslararasi-politika","category-son-haberler","tag-arap-orgut-ve-kurumlarini-suriye-ve-gazzedeki-yeniden-insa-projelerine-destek-vermeye-cagirdi","tag-ebu-gayt"],"_links":{"self":[{"href":"https:\/\/archive.sana.sy\/tr\/index.php?rest_route=\/wp\/v2\/posts\/319144","targetHints":{"allow":["GET"]}}],"collection":[{"href":"https:\/\/archive.sana.sy\/tr\/index.php?rest_route=\/wp\/v2\/posts"}],"about":[{"href":"https:\/\/archive.sana.sy\/tr\/index.php?rest_route=\/wp\/v2\/types\/post"}],"author":[{"embeddable":true,"href":"https:\/\/archive.sana.sy\/tr\/index.php?rest_route=\/wp\/v2\/users\/44"}],"replies":[{"embeddable":true,"href":"https:\/\/archive.sana.sy\/tr\/index.php?rest_route=%2Fwp%2Fv2%2Fcomments&post=319144"}],"version-history":[{"count":1,"href":"https:\/\/archive.sana.sy\/tr\/index.php?rest_route=\/wp\/v2\/posts\/319144\/revisions"}],"predecessor-version":[{"id":319146,"href":"https:\/\/archive.sana.sy\/tr\/index.php?rest_route=\/wp\/v2\/posts\/319144\/revisions\/319146"}],"wp:featuredmedia":[{"embeddable":true,"href":"https:\/\/archive.sana.sy\/tr\/index.php?rest_route=\/wp\/v2\/media\/319145"}],"wp:attachment":[{"href":"https:\/\/archive.sana.sy\/tr\/index.php?rest_route=%2Fwp%2Fv2%2Fmedia&parent=319144"}],"wp:term":[{"taxonomy":"category","embeddable":true,"href":"https:\/\/archive.sana.sy\/tr\/index.php?rest_route=%2Fwp%2Fv2%2Fcategories&post=319144"},{"taxonomy":"post_tag","embeddable":true,"href":"https:\/\/archive.sana.sy\/tr\/index.php?rest_route=%2Fwp%2Fv2%2Ftags&post=319144"}],"curies":[{"name":"wp","href":"https:\/\/api.w.org\/{rel}","templated":true}]}}