{"id":319147,"date":"2025-04-17T09:30:57","date_gmt":"2025-04-17T06:30:57","guid":{"rendered":"https:\/\/sana.sy\/tr\/?p=319147"},"modified":"2025-04-17T10:18:30","modified_gmt":"2025-04-17T07:18:30","slug":"disisleri-bakani-samda-iiim-heyetiyle-isbirligi-ve-ortak-eylemi-artirma-yollarini-gorustu","status":"publish","type":"post","link":"https:\/\/archive.sana.sy\/tr\/?p=319147","title":{"rendered":"D\u0131\u015fi\u015fleri Bakan\u0131, \u015eam&#8217;da (IIIM) Heyetiyle \u0130\u015fbirli\u011fi Ve Ortak Eylemi Art\u0131rma Yollar\u0131n\u0131 G\u00f6r\u00fc\u015ft\u00fc"},"content":{"rendered":"<p style=\"text-align: justify;\"><span style=\"color: #800000;\"><strong>\u015eAM (SANA)<\/strong> &#8211;\u00a0<\/span> D\u0131\u015fi\u015fleri ve Gurbet\u00e7iler Bakan\u0131 Say\u0131n Asaad El \u015eeybani, bug\u00fcn \u015eam&#8217;da Say\u0131n Robert Bennett ba\u015fkanl\u0131\u011f\u0131ndaki Uluslararas\u0131, Tarafs\u0131z ve Ba\u011f\u0131ms\u0131z Mekanizma&#8217;dan (IIIM) bir heyetle bir araya geldi.<\/p>\n<p style=\"text-align: justify;\">Taraflar, devrik Esad rejiminin i\u015fledi\u011fi su\u00e7lardan dolay\u0131 Suriye halk\u0131na kapsaml\u0131 hesap verebilirlik ve adalet sa\u011flanmas\u0131 amac\u0131yla en iyi mekanizmalar\u0131 kullanarak i\u015fbirli\u011finin ve ortak eylemin geni\u015fletilmesinin yollar\u0131 konusunda yap\u0131c\u0131 g\u00f6r\u00fc\u015fmelerde bulundu.<\/p>\n<p style=\"text-align: justify;\">Taraflar, ge\u00e7i\u015f adaletinin temel hizmetlerin sa\u011flanmas\u0131, m\u00fcltecilerin g\u00fcvenli ve onurlu bir \u015fekilde geri d\u00f6n\u00fc\u015f\u00fcn\u00fcn sa\u011flanmas\u0131 ve Suriye halk\u0131n\u0131n ihtiya\u00e7lar\u0131na yan\u0131t verilmesi de dahil olmak \u00fczere ya\u015fam\u0131n \u00e7e\u015fitli y\u00f6nlerine de\u011finen kapsaml\u0131 bir s\u00fcreci temsil etti\u011fini vurgulayarak, adaletin se\u00e7ici veya genel ba\u011flamdan soyutlanamayaca\u011f\u0131n\u0131n da alt\u0131n\u0131 \u00e7izdiler.<\/p>\n<p style=\"text-align: justify;\">Bakan El \u015eeybani, Suriye&#8217;ye uygulanan tek tarafl\u0131 zorlay\u0131c\u0131 tedbirlerin ve yapt\u0131r\u0131mlar\u0131n, s\u00fcrd\u00fcr\u00fclebilir bar\u0131\u015f ve adaletin sa\u011flanmas\u0131 i\u00e7in olmazsa olmaz unsurlar olan ge\u00e7i\u015f adaleti s\u00fcrecini, kurumsal reform \u00e7abalar\u0131n\u0131 ve hayati sekt\u00f6rlerin rehabilitasyonunu do\u011frudan engelledi\u011fini vurgulad\u0131.<\/p>\n<p style=\"text-align: justify;\">D\u0131\u015fi\u015fleri Bakan\u0131 ayr\u0131ca, Suriye Arap Cumhuriyeti&#8217;nin, ma\u011fdurlar\u0131n ve ailelerinin zararlar\u0131n\u0131 tazmin edecek hesap verebilirlik ve adil sonu\u00e7lara ula\u015fma \u00e7abalar\u0131n\u0131n bir par\u00e7as\u0131 olarak Uluslararas\u0131, Tarafs\u0131z ve Ba\u011f\u0131ms\u0131z Mekanizma ile i\u015fbirli\u011fine devam etme taahh\u00fcd\u00fcn\u00fc teyit etti.<\/p>\n","protected":false},"excerpt":{"rendered":"<p>\u015eAM (SANA) &#8211;\u00a0 D\u0131\u015fi\u015fleri ve Gurbet\u00e7iler Bakan\u0131 Say\u0131n Asaad El \u015eeybani, bug\u00fcn \u015eam&#8217;da Say\u0131n Robert Bennett ba\u015fkanl\u0131\u011f\u0131ndaki Uluslararas\u0131, Tarafs\u0131z ve Ba\u011f\u0131ms\u0131z Mekanizma&#8217;dan (IIIM) bir heyetle bir araya geldi. Taraflar, devrik Esad rejiminin i\u015fledi\u011fi su\u00e7lardan dolay\u0131 Suriye halk\u0131na kapsaml\u0131 hesap verebilirlik ve adalet sa\u011flanmas\u0131 amac\u0131yla en iyi mekanizmalar\u0131 kullanarak i\u015fbirli\u011finin ve ortak eylemin geni\u015fletilmesinin yollar\u0131 konusunda &hellip;<\/p>\n","protected":false},"author":44,"featured_media":319148,"comment_status":"closed","ping_status":"closed","sticky":false,"template":"","format":"standard","meta":{"footnotes":""},"categories":[589,479,17988,478],"tags":[19199,43739],"class_list":["post-319147","post","type-post","status-publish","format-standard","has-post-thumbnail","","category-haber-seridi","category-haberler-yerel","category-son-haberler","category-yerel","tag-disisleri-bakani","tag-samda-iiim-heyetiyle-isbirligi-ve-ortak-eylemi-artirma-yollarini-gorustu"],"_links":{"self":[{"href":"https:\/\/archive.sana.sy\/tr\/index.php?rest_route=\/wp\/v2\/posts\/319147","targetHints":{"allow":["GET"]}}],"collection":[{"href":"https:\/\/archive.sana.sy\/tr\/index.php?rest_route=\/wp\/v2\/posts"}],"about":[{"href":"https:\/\/archive.sana.sy\/tr\/index.php?rest_route=\/wp\/v2\/types\/post"}],"author":[{"embeddable":true,"href":"https:\/\/archive.sana.sy\/tr\/index.php?rest_route=\/wp\/v2\/users\/44"}],"replies":[{"embeddable":true,"href":"https:\/\/archive.sana.sy\/tr\/index.php?rest_route=%2Fwp%2Fv2%2Fcomments&post=319147"}],"version-history":[{"count":1,"href":"https:\/\/archive.sana.sy\/tr\/index.php?rest_route=\/wp\/v2\/posts\/319147\/revisions"}],"predecessor-version":[{"id":319149,"href":"https:\/\/archive.sana.sy\/tr\/index.php?rest_route=\/wp\/v2\/posts\/319147\/revisions\/319149"}],"wp:featuredmedia":[{"embeddable":true,"href":"https:\/\/archive.sana.sy\/tr\/index.php?rest_route=\/wp\/v2\/media\/319148"}],"wp:attachment":[{"href":"https:\/\/archive.sana.sy\/tr\/index.php?rest_route=%2Fwp%2Fv2%2Fmedia&parent=319147"}],"wp:term":[{"taxonomy":"category","embeddable":true,"href":"https:\/\/archive.sana.sy\/tr\/index.php?rest_route=%2Fwp%2Fv2%2Fcategories&post=319147"},{"taxonomy":"post_tag","embeddable":true,"href":"https:\/\/archive.sana.sy\/tr\/index.php?rest_route=%2Fwp%2Fv2%2Ftags&post=319147"}],"curies":[{"name":"wp","href":"https:\/\/api.w.org\/{rel}","templated":true}]}}