{"id":319150,"date":"2025-04-17T09:15:45","date_gmt":"2025-04-17T06:15:45","guid":{"rendered":"https:\/\/sana.sy\/tr\/?p=319150"},"modified":"2025-04-17T10:17:08","modified_gmt":"2025-04-17T07:17:08","slug":"kara-ve-deniz-limanlari-genel-mudurlugu-baskani-turkiye-ticaret-bakani-ile-iki-ulke-arasindaki-ticari-alisverisin-artirilmasi-yollarini-gorustu","status":"publish","type":"post","link":"https:\/\/archive.sana.sy\/tr\/?p=319150","title":{"rendered":"Kara Ve Deniz Limanlar\u0131 Genel M\u00fcd\u00fcrl\u00fc\u011f\u00fc Ba\u015fkan\u0131, T\u00fcrkiye Ticaret Bakan\u0131 \u0130le \u0130ki \u00dclke Aras\u0131ndaki Ticari Al\u0131\u015fveri\u015fin Art\u0131r\u0131lmas\u0131 Yollar\u0131n\u0131 G\u00f6r\u00fc\u015ft\u00fc"},"content":{"rendered":"<p style=\"text-align: justify;\"><span style=\"color: #800000;\"><strong>\u015eAM (SANA)<\/strong> &#8211;<\/span> Kara ve Deniz Limanlar\u0131 Genel Otoritesi Ba\u015fkan\u0131 Kuteybe Bedevi, T\u00fcrkiye Ticaret Bakan\u0131 \u00d6mer Polat ile bir araya geldi.<\/p>\n<p style=\"text-align: justify;\">G\u00f6r\u00fc\u015fmede, &#8220;\u0130ki \u00fclke aras\u0131nda ekonomik konularda \u00fcst d\u00fczey koordinasyon sa\u011flanmas\u0131, iki \u00fclke aras\u0131ndaki ticari al\u0131\u015fveri\u015fin art\u0131r\u0131lmas\u0131, g\u00fcmr\u00fck tarifelerinin g\u00f6r\u00fc\u015f\u00fclmesi, T\u00fcrk yat\u0131r\u0131mc\u0131lar\u0131n Suriye serbest b\u00f6lgelerine yat\u0131r\u0131m yapmas\u0131, Suriye ara\u00e7lar\u0131n\u0131n T\u00fcrkiye&#8217;ye ve T\u00fcrkiye&#8217;den ge\u00e7i\u015fine izin verilmesi ve iki \u00fclke aras\u0131ndaki Kasab s\u0131n\u0131r kap\u0131s\u0131n\u0131n k\u00fc\u00e7\u00fck ticari t\u0131rlar\u0131n ge\u00e7i\u015fine a\u00e7\u0131lmas\u0131&#8221; konular\u0131nda mutabakata var\u0131ld\u0131.<\/p>\n<p style=\"text-align: justify;\">M\u00fcrl\u00fck Ba\u015fkan\u0131 Kuyebe Bedevi, Bakan Polat ve beraberindeki heyetle geni\u015fletilmi\u015f g\u00f6r\u00fc\u015fmede, iki dost \u00fclke aras\u0131ndaki ticari ve ekonomik ili\u015fkilerin geli\u015ftirilmesi, ticari al\u0131\u015fveri\u015fin art\u0131r\u0131lmas\u0131 \u00f6n\u00fcndeki engellerin a\u015f\u0131lmas\u0131 ve ihracat d\u00fczeyinin y\u00fckseltilmesi yollar\u0131n\u0131 ele ald\u0131.<\/p>\n<p style=\"text-align: justify;\">Bedevi ayr\u0131ca, devrimin ba\u015flang\u0131c\u0131ndan nihai zafere ula\u015f\u0131lana ve devrik Esad rejimi yenilene kadar Suriye halk\u0131n\u0131n yan\u0131nda duran T\u00fcrkiye&#8217;ye, y\u00f6netimine, h\u00fck\u00fcmetine ve halk\u0131na derin \u015f\u00fckranlar\u0131n\u0131 sunarak, Suriye&#8217;nin T\u00fcrkiye&#8217;nin t\u00fcm alanlarda ve sekt\u00f6rlerde Suriye h\u00fck\u00fcmetine yard\u0131m etmek i\u00e7in t\u00fcm T\u00fcrk bakanl\u0131klar\u0131ndan komitelerin olu\u015fmas\u0131n\u0131 i\u00e7eren rejimin d\u00fc\u015f\u00fc\u015f\u00fcnden bu yana onurlu duru\u015funu takdir etti\u011fini ifade etti.<\/p>\n<p style=\"text-align: justify;\">Yetkili, Suriye ile T\u00fcrkiye aras\u0131ndaki ithalat ve ihracat hacmini art\u0131rmak amac\u0131yla bu y\u0131l\u0131n ba\u015f\u0131ndan itibaren bir dizi g\u00fcmr\u00fck \u00f6nlemi al\u0131nd\u0131\u011f\u0131na dikkati \u00e7ekerken, y\u00fck ak\u0131\u015f\u0131n\u0131 kolayla\u015ft\u0131rmak, ortak ta\u015f\u0131mac\u0131l\u0131k sekt\u00f6r\u00fcn\u00fc geli\u015ftirmek ve turist heyetlerinin de\u011fi\u015fimini kolayla\u015ft\u0131rmak amac\u0131yla iki \u00fclkeyi birbirine ba\u011flayan kara s\u0131n\u0131r kap\u0131lar\u0131 ve limanlardaki altyap\u0131n\u0131n, \u00f6zellikle taray\u0131c\u0131lar\u0131n g\u00fc\u00e7lendirilmesi gerekti\u011fini de vurgulad\u0131.<\/p>\n<p style=\"text-align: justify;\">Bakan Polat ise, aralar\u0131nda T\u00fcrk i\u015f adamlar\u0131n\u0131n se\u00e7kin bir grubunun ve T\u00fcrkiye Ticaret ve Sanayi Odas\u0131 ba\u015fkan ve temsilcilerinin de bulundu\u011fu T\u00fcrk heyetinin Suriye ziyaretinin; Yeni h\u00fck\u00fcmetin kurulmas\u0131n\u0131n ard\u0131ndan, iki \u00fclke aras\u0131ndaki ikili i\u015fbirli\u011finin \u00e7e\u015fitli y\u00f6nlerinin ele al\u0131nmas\u0131 ve Suriye taraf\u0131na destek ve yard\u0131m sa\u011flanmas\u0131 bekleniyor.<\/p>\n<p style=\"text-align: justify;\">Polat ayr\u0131ca, T\u00fcrk ve Suriye halklar\u0131n\u0131n hem ge\u00e7mi\u015fte hem de g\u00fcn\u00fcm\u00fczde yak\u0131n dostluk ve kom\u015fuluk ba\u011flar\u0131yla ba\u011flant\u0131l\u0131 oldu\u011funu ve T\u00fcrkiye&#8217;nin Suriye&#8217;nin karar\u0131n\u0131 ve kararl\u0131l\u0131\u011f\u0131n\u0131 vurgulad\u0131\u011f\u0131n\u0131 belirtti.<\/p>\n<p style=\"text-align: justify;\">T\u00fcrkiye Ticaret Bakan\u0131, \u015fu ifadeleri de kaydetti: \u00a0\u201cT\u00fcrk devleti ve halk\u0131 Suriye&#8217;deki devrimin ba\u015flang\u0131c\u0131ndan bu yana Suriyeli karde\u015flerinin destek\u00e7isi olmu\u015ftur. Sonunda, hakikat ve adalet, bat\u0131l ve adaletsizli\u011fe galip geldi ve \u00f6zg\u00fcr ve demokratik bir Suriye devleti kuruldu. \u0130n\u015fallah Suriye&#8217;nin \u00f6zg\u00fcr halk\u0131n\u0131n m\u00fccadelesi ekonomik kalk\u0131nma yolunda ilerlemeyle ta\u00e7lanacakt\u0131r.\u201d<\/p>\n<p style=\"text-align: justify;\">T\u00fcrkiye&#8217;nin Suriye&#8217;nin birle\u015fik kalaca\u011f\u0131na dair g\u00fcvenini dile getiren Polat, &#8221;T\u00fcrkiye, Suriye halk\u0131n\u0131n beklentilerini kar\u015f\u0131lamak i\u00e7in \u00e7al\u0131\u015fmaya devam edecek ve &#8220;bu, T\u00fcrkiye i\u00e7in en \u00f6nemli \u00f6nceliktir&#8221; ifadelerini s\u00f6zlerine ekledi.<\/p>\n","protected":false},"excerpt":{"rendered":"<p>\u015eAM (SANA) &#8211; Kara ve Deniz Limanlar\u0131 Genel Otoritesi Ba\u015fkan\u0131 Kuteybe Bedevi, T\u00fcrkiye Ticaret Bakan\u0131 \u00d6mer Polat ile bir araya geldi. G\u00f6r\u00fc\u015fmede, &#8220;\u0130ki \u00fclke aras\u0131nda ekonomik konularda \u00fcst d\u00fczey koordinasyon sa\u011flanmas\u0131, iki \u00fclke aras\u0131ndaki ticari al\u0131\u015fveri\u015fin art\u0131r\u0131lmas\u0131, g\u00fcmr\u00fck tarifelerinin g\u00f6r\u00fc\u015f\u00fclmesi, T\u00fcrk yat\u0131r\u0131mc\u0131lar\u0131n Suriye serbest b\u00f6lgelerine yat\u0131r\u0131m yapmas\u0131, Suriye ara\u00e7lar\u0131n\u0131n T\u00fcrkiye&#8217;ye ve T\u00fcrkiye&#8217;den ge\u00e7i\u015fine izin verilmesi &hellip;<\/p>\n","protected":false},"author":44,"featured_media":319151,"comment_status":"closed","ping_status":"closed","sticky":false,"template":"","format":"standard","meta":{"footnotes":""},"categories":[589,479,17988,478],"tags":[43740,43741],"class_list":["post-319150","post","type-post","status-publish","format-standard","has-post-thumbnail","","category-haber-seridi","category-haberler-yerel","category-son-haberler","category-yerel","tag-kara-ve-deniz-limanlari-genel-mudurlugu-baskani","tag-turkiye-ticaret-bakani-ile-iki-ulke-arasindaki-ticari-alisverisin-artirilmasi-yollarini-gorustu"],"_links":{"self":[{"href":"https:\/\/archive.sana.sy\/tr\/index.php?rest_route=\/wp\/v2\/posts\/319150","targetHints":{"allow":["GET"]}}],"collection":[{"href":"https:\/\/archive.sana.sy\/tr\/index.php?rest_route=\/wp\/v2\/posts"}],"about":[{"href":"https:\/\/archive.sana.sy\/tr\/index.php?rest_route=\/wp\/v2\/types\/post"}],"author":[{"embeddable":true,"href":"https:\/\/archive.sana.sy\/tr\/index.php?rest_route=\/wp\/v2\/users\/44"}],"replies":[{"embeddable":true,"href":"https:\/\/archive.sana.sy\/tr\/index.php?rest_route=%2Fwp%2Fv2%2Fcomments&post=319150"}],"version-history":[{"count":1,"href":"https:\/\/archive.sana.sy\/tr\/index.php?rest_route=\/wp\/v2\/posts\/319150\/revisions"}],"predecessor-version":[{"id":319152,"href":"https:\/\/archive.sana.sy\/tr\/index.php?rest_route=\/wp\/v2\/posts\/319150\/revisions\/319152"}],"wp:featuredmedia":[{"embeddable":true,"href":"https:\/\/archive.sana.sy\/tr\/index.php?rest_route=\/wp\/v2\/media\/319151"}],"wp:attachment":[{"href":"https:\/\/archive.sana.sy\/tr\/index.php?rest_route=%2Fwp%2Fv2%2Fmedia&parent=319150"}],"wp:term":[{"taxonomy":"category","embeddable":true,"href":"https:\/\/archive.sana.sy\/tr\/index.php?rest_route=%2Fwp%2Fv2%2Fcategories&post=319150"},{"taxonomy":"post_tag","embeddable":true,"href":"https:\/\/archive.sana.sy\/tr\/index.php?rest_route=%2Fwp%2Fv2%2Ftags&post=319150"}],"curies":[{"name":"wp","href":"https:\/\/api.w.org\/{rel}","templated":true}]}}