{"id":319156,"date":"2025-04-17T09:37:55","date_gmt":"2025-04-17T06:37:55","guid":{"rendered":"https:\/\/sana.sy\/tr\/?p=319156"},"modified":"2025-04-17T10:46:10","modified_gmt":"2025-04-17T07:46:10","slug":"halep-ticaret-odasi-turk-uluslararasi-kalkinma-ve-dusunce-dernegi-ile-ekonomik-isbirligini-artirmayi-gorustu","status":"publish","type":"post","link":"https:\/\/archive.sana.sy\/tr\/?p=319156","title":{"rendered":"Halep Ticaret Odas\u0131, T\u00fcrk Uluslararas\u0131 Kalk\u0131nma Ve D\u00fc\u015f\u00fcnce Derne\u011fi Ile Ekonomik I\u015fbirli\u011fini Art\u0131rmay\u0131 G\u00f6r\u00fc\u015ft\u00fc"},"content":{"rendered":"<p style=\"text-align: justify;\"><span style=\"color: #800000;\"><strong>HALEP (SANA)<\/strong> &#8211;<\/span>\u00a0 Halep Ticaret Odas\u0131 Ba\u015fkan\u0131 Muhammed Said \u015eeyh El Kar, T\u00fcrk Uluslararas\u0131 Kalk\u0131nma ve D\u00fc\u015f\u00fcnce Derne\u011fi Y\u00f6netim Kurulu Ba\u015fkan\u0131 Sabiha Do\u011fan ve beraberindeki heyet ile iki \u00fclke aras\u0131ndaki ticari ve ekonomik i\u015f birli\u011finin art\u0131r\u0131lmas\u0131 yollar\u0131n\u0131 g\u00f6r\u00fc\u015ft\u00fc.<\/p>\n<p style=\"text-align: justify;\">G\u00f6r\u00fc\u015fmede \u015eeyh El Kar, Suriye ve T\u00fcrkiye&#8217;deki ekonomik akt\u00f6rler aras\u0131ndaki d\u00fczenli toplant\u0131lar\u0131n g\u00fc\u00e7lendirilmesinin \u00f6nemine vurgu yaparak, derne\u011fin uzmanl\u0131\u011f\u0131ndan ulusal ekonominin geli\u015ftirilmesi i\u00e7in faydalan\u0131labilece\u011fine i\u015faret etti.<\/p>\n<p style=\"text-align: justify;\">\u015eeyh El Kar \u015f\u00f6yle devam etti: \u201c\u00d6zellikle \u00f6nemli bir ticari merkez olan Halep\u2019te Suriye\u2019deki ekonomik durumu iyile\u015ftirmeyi ama\u00e7l\u0131yoruz. Derne\u011fin, Suriyeli kad\u0131nlar\u0131 ekonomik canlanmaya dahil eden, sosyal adaleti ve kapsaml\u0131 kalk\u0131nmay\u0131 destekleyen projelere verdi\u011fi deste\u011fi de takdirle kar\u015f\u0131l\u0131yoruz.&#8221;<\/p>\n<p style=\"text-align: justify;\">Do\u011fan ise Katodar Derne\u011fi&#8217;nin s\u00fcrd\u00fcr\u00fclebilir ekonomik projelere, insani kalk\u0131nma ve \u00e7evre koruma \u00e7al\u0131\u015fmalar\u0131na, akademik ve entelekt\u00fcel faaliyetlere odaklanan bir sivil toplum \u00f6rg\u00fct\u00fc olarak rol\u00fcn\u00fc anlatt\u0131.<\/p>\n<p style=\"text-align: justify;\">Do\u011fan ayr\u0131ca, derne\u011fin Halep Ticaret Odas\u0131 ile ortak projeler ba\u015flatmay\u0131 hedefledi\u011fini, bunun ticaret faaliyetlerinin canlanmas\u0131na ve ekonomik altyap\u0131n\u0131n geli\u015ftirilmesine katk\u0131 sa\u011flayaca\u011f\u0131n\u0131 kaydetti ve kad\u0131nlar ve gen\u00e7ler gibi en savunmas\u0131z gruplar\u0131 hedefleyen kalk\u0131nma planlar\u0131n\u0131 destekleme kararl\u0131l\u0131\u011f\u0131n\u0131 dile getirdi.<\/p>\n","protected":false},"excerpt":{"rendered":"<p>HALEP (SANA) &#8211;\u00a0 Halep Ticaret Odas\u0131 Ba\u015fkan\u0131 Muhammed Said \u015eeyh El Kar, T\u00fcrk Uluslararas\u0131 Kalk\u0131nma ve D\u00fc\u015f\u00fcnce Derne\u011fi Y\u00f6netim Kurulu Ba\u015fkan\u0131 Sabiha Do\u011fan ve beraberindeki heyet ile iki \u00fclke aras\u0131ndaki ticari ve ekonomik i\u015f birli\u011finin art\u0131r\u0131lmas\u0131 yollar\u0131n\u0131 g\u00f6r\u00fc\u015ft\u00fc. G\u00f6r\u00fc\u015fmede \u015eeyh El Kar, Suriye ve T\u00fcrkiye&#8217;deki ekonomik akt\u00f6rler aras\u0131ndaki d\u00fczenli toplant\u0131lar\u0131n g\u00fc\u00e7lendirilmesinin \u00f6nemine vurgu yaparak, derne\u011fin &hellip;<\/p>\n","protected":false},"author":44,"featured_media":319157,"comment_status":"closed","ping_status":"closed","sticky":false,"template":"","format":"standard","meta":{"footnotes":""},"categories":[485,589,486,17988],"tags":[43743,43744],"class_list":["post-319156","post","type-post","status-publish","format-standard","has-post-thumbnail","","category-is-ve-sermaye","category-haber-seridi","category-haberler-is-ve-sermaye","category-son-haberler","tag-halep-ticaret-odasi","tag-turk-uluslararasi-kalkinma-ve-dusunce-dernegi-ile-ekonomik-isbirligini-artirmayi-gorustu"],"_links":{"self":[{"href":"https:\/\/archive.sana.sy\/tr\/index.php?rest_route=\/wp\/v2\/posts\/319156","targetHints":{"allow":["GET"]}}],"collection":[{"href":"https:\/\/archive.sana.sy\/tr\/index.php?rest_route=\/wp\/v2\/posts"}],"about":[{"href":"https:\/\/archive.sana.sy\/tr\/index.php?rest_route=\/wp\/v2\/types\/post"}],"author":[{"embeddable":true,"href":"https:\/\/archive.sana.sy\/tr\/index.php?rest_route=\/wp\/v2\/users\/44"}],"replies":[{"embeddable":true,"href":"https:\/\/archive.sana.sy\/tr\/index.php?rest_route=%2Fwp%2Fv2%2Fcomments&post=319156"}],"version-history":[{"count":1,"href":"https:\/\/archive.sana.sy\/tr\/index.php?rest_route=\/wp\/v2\/posts\/319156\/revisions"}],"predecessor-version":[{"id":319158,"href":"https:\/\/archive.sana.sy\/tr\/index.php?rest_route=\/wp\/v2\/posts\/319156\/revisions\/319158"}],"wp:featuredmedia":[{"embeddable":true,"href":"https:\/\/archive.sana.sy\/tr\/index.php?rest_route=\/wp\/v2\/media\/319157"}],"wp:attachment":[{"href":"https:\/\/archive.sana.sy\/tr\/index.php?rest_route=%2Fwp%2Fv2%2Fmedia&parent=319156"}],"wp:term":[{"taxonomy":"category","embeddable":true,"href":"https:\/\/archive.sana.sy\/tr\/index.php?rest_route=%2Fwp%2Fv2%2Fcategories&post=319156"},{"taxonomy":"post_tag","embeddable":true,"href":"https:\/\/archive.sana.sy\/tr\/index.php?rest_route=%2Fwp%2Fv2%2Ftags&post=319156"}],"curies":[{"name":"wp","href":"https:\/\/api.w.org\/{rel}","templated":true}]}}