{"id":319159,"date":"2025-04-17T11:00:02","date_gmt":"2025-04-17T08:00:02","guid":{"rendered":"https:\/\/sana.sy\/tr\/?p=319159"},"modified":"2025-04-17T11:02:28","modified_gmt":"2025-04-17T08:02:28","slug":"suriye-havayollari-birlesik-arap-emirliklerine-yeniden-ucmaya-hazirlaniyor","status":"publish","type":"post","link":"https:\/\/archive.sana.sy\/tr\/?p=319159","title":{"rendered":"Suriye Havayollar\u0131, Birle\u015fik Arap Emirlikleri&#8217;ne Yeniden U\u00e7maya Haz\u0131rlan\u0131yor"},"content":{"rendered":"<p style=\"text-align: justify;\"><span style=\"color: #800000;\"><strong>\u015eAM (SANA)<\/strong> &#8211;<\/span> Suriye Hava Yollar\u0131, Birle\u015fik Arap Emirlikleri&#8217;ne u\u00e7u\u015flar\u0131n\u0131 yeniden ba\u015flatmaya haz\u0131r oldu\u011funu duyurdu. \u200f<\/p>\n<p style=\"text-align: justify;\">\u015eirket, resmi Facebook sayfas\u0131ndan yapt\u0131\u011f\u0131 a\u00e7\u0131klamada, iki karde\u015f \u00fclke aras\u0131ndaki do\u011frudan u\u00e7u\u015flar\u0131n yeniden ba\u015flamas\u0131 haz\u0131rl\u0131klar\u0131 kapsam\u0131nda Suriye Sivil Havac\u0131l\u0131k Otoritesi ve Birle\u015fik Arap Emirlikleri&#8217;ndeki muadiliyle koordinasyon halinde gerekli teknik ve lojistik d\u00fczenlemeleri tamamlamak i\u00e7in \u00e7al\u0131\u015ft\u0131\u011f\u0131n\u0131 belirtti. \u200f<\/p>\n<p style=\"text-align: justify;\">\u015eirket ayr\u0131ca, ilk \u00e7al\u0131\u015fma saatleri ve var\u0131\u015f noktas\u0131 ayr\u0131nt\u0131lar\u0131n\u0131 i\u00e7eren resmi u\u00e7u\u015f program\u0131n\u0131n, \u00e7al\u0131\u015fma protokol\u00fcn\u00fcn tamamlanmas\u0131 ve nihai d\u00fczenleyici onaylar\u0131n al\u0131nmas\u0131n\u0131n ard\u0131ndan yak\u0131nda duyurulaca\u011f\u0131n\u0131 kaydetti. \u200f<\/p>\n","protected":false},"excerpt":{"rendered":"<p>\u015eAM (SANA) &#8211; Suriye Hava Yollar\u0131, Birle\u015fik Arap Emirlikleri&#8217;ne u\u00e7u\u015flar\u0131n\u0131 yeniden ba\u015flatmaya haz\u0131r oldu\u011funu duyurdu. \u200f \u015eirket, resmi Facebook sayfas\u0131ndan yapt\u0131\u011f\u0131 a\u00e7\u0131klamada, iki karde\u015f \u00fclke aras\u0131ndaki do\u011frudan u\u00e7u\u015flar\u0131n yeniden ba\u015flamas\u0131 haz\u0131rl\u0131klar\u0131 kapsam\u0131nda Suriye Sivil Havac\u0131l\u0131k Otoritesi ve Birle\u015fik Arap Emirlikleri&#8217;ndeki muadiliyle koordinasyon halinde gerekli teknik ve lojistik d\u00fczenlemeleri tamamlamak i\u00e7in \u00e7al\u0131\u015ft\u0131\u011f\u0131n\u0131 belirtti. \u200f \u015eirket ayr\u0131ca, &hellip;<\/p>\n","protected":false},"author":44,"featured_media":319160,"comment_status":"closed","ping_status":"closed","sticky":false,"template":"","format":"standard","meta":{"footnotes":""},"categories":[589,479,17988,478],"tags":[43745,30198],"class_list":["post-319159","post","type-post","status-publish","format-standard","has-post-thumbnail","","category-haber-seridi","category-haberler-yerel","category-son-haberler","category-yerel","tag-birlesik-arap-emirliklerine-yeniden-ucmaya-hazirlaniyor","tag-suriye-havayollari"],"_links":{"self":[{"href":"https:\/\/archive.sana.sy\/tr\/index.php?rest_route=\/wp\/v2\/posts\/319159","targetHints":{"allow":["GET"]}}],"collection":[{"href":"https:\/\/archive.sana.sy\/tr\/index.php?rest_route=\/wp\/v2\/posts"}],"about":[{"href":"https:\/\/archive.sana.sy\/tr\/index.php?rest_route=\/wp\/v2\/types\/post"}],"author":[{"embeddable":true,"href":"https:\/\/archive.sana.sy\/tr\/index.php?rest_route=\/wp\/v2\/users\/44"}],"replies":[{"embeddable":true,"href":"https:\/\/archive.sana.sy\/tr\/index.php?rest_route=%2Fwp%2Fv2%2Fcomments&post=319159"}],"version-history":[{"count":1,"href":"https:\/\/archive.sana.sy\/tr\/index.php?rest_route=\/wp\/v2\/posts\/319159\/revisions"}],"predecessor-version":[{"id":319161,"href":"https:\/\/archive.sana.sy\/tr\/index.php?rest_route=\/wp\/v2\/posts\/319159\/revisions\/319161"}],"wp:featuredmedia":[{"embeddable":true,"href":"https:\/\/archive.sana.sy\/tr\/index.php?rest_route=\/wp\/v2\/media\/319160"}],"wp:attachment":[{"href":"https:\/\/archive.sana.sy\/tr\/index.php?rest_route=%2Fwp%2Fv2%2Fmedia&parent=319159"}],"wp:term":[{"taxonomy":"category","embeddable":true,"href":"https:\/\/archive.sana.sy\/tr\/index.php?rest_route=%2Fwp%2Fv2%2Fcategories&post=319159"},{"taxonomy":"post_tag","embeddable":true,"href":"https:\/\/archive.sana.sy\/tr\/index.php?rest_route=%2Fwp%2Fv2%2Ftags&post=319159"}],"curies":[{"name":"wp","href":"https:\/\/api.w.org\/{rel}","templated":true}]}}