{"id":319162,"date":"2025-04-17T09:30:02","date_gmt":"2025-04-17T06:30:02","guid":{"rendered":"https:\/\/sana.sy\/tr\/?p=319162"},"modified":"2025-04-17T11:16:34","modified_gmt":"2025-04-17T08:16:34","slug":"sam-valisi-bmkp-heyetiyle-yerel-kalkinma-alanlarinda-is-birligini-artirma-yollarini-gorustu","status":"publish","type":"post","link":"https:\/\/archive.sana.sy\/tr\/?p=319162","title":{"rendered":"\u015eam Valisi, BMKP Heyetiyle Yerel Kalk\u0131nma Alanlar\u0131nda \u0130\u015f Birli\u011fini Art\u0131rma Yollar\u0131n\u0131 G\u00f6r\u00fc\u015ft\u00fc"},"content":{"rendered":"<p style=\"text-align: justify;\"><span style=\"color: #800000;\"><strong>\u015eAM (SANA) &#8211;<\/strong> <\/span>\u015eam Valisi Maher Mervan, Birle\u015fmi\u015f Milletler Kalk\u0131nma Program\u0131 (UNDP) B\u00f6lge Direkt\u00f6r\u00fc Dr. Abdullah El Dardari ba\u015fkanl\u0131\u011f\u0131ndaki resmi heyetle, yerel kalk\u0131nma, yeniden yap\u0131lanma, b\u00f6lgesel planlama ve etkili ortakl\u0131klar\u0131n g\u00fc\u00e7lendirilmesi alanlar\u0131nda i\u015f birli\u011fini ve entegrasyonu art\u0131rman\u0131n yollar\u0131n\u0131 g\u00f6r\u00fc\u015ft\u00fc.<\/p>\n<p style=\"text-align: justify;\">Bug\u00fcn valilik binas\u0131nda ger\u00e7ekle\u015ftirilen g\u00f6r\u00fc\u015fmede, iki taraf, \u015eam \u015fehri ve hizmetleri \u00fczerinde olumlu etki yaratacak programlara d\u00f6n\u00fc\u015ft\u00fcr\u00fclmesi amac\u0131yla haz\u0131rl\u0131k \u00e7al\u0131\u015ftaylar\u0131 \u00fczerinde \u00e7al\u0131\u015fmaya ba\u015flama konusunda mutab\u0131k kald\u0131.<\/p>\n","protected":false},"excerpt":{"rendered":"<p>\u015eAM (SANA) &#8211; \u015eam Valisi Maher Mervan, Birle\u015fmi\u015f Milletler Kalk\u0131nma Program\u0131 (UNDP) B\u00f6lge Direkt\u00f6r\u00fc Dr. Abdullah El Dardari ba\u015fkanl\u0131\u011f\u0131ndaki resmi heyetle, yerel kalk\u0131nma, yeniden yap\u0131lanma, b\u00f6lgesel planlama ve etkili ortakl\u0131klar\u0131n g\u00fc\u00e7lendirilmesi alanlar\u0131nda i\u015f birli\u011fini ve entegrasyonu art\u0131rman\u0131n yollar\u0131n\u0131 g\u00f6r\u00fc\u015ft\u00fc. Bug\u00fcn valilik binas\u0131nda ger\u00e7ekle\u015ftirilen g\u00f6r\u00fc\u015fmede, iki taraf, \u015eam \u015fehri ve hizmetleri \u00fczerinde olumlu etki yaratacak programlara &hellip;<\/p>\n","protected":false},"author":44,"featured_media":319163,"comment_status":"closed","ping_status":"closed","sticky":false,"template":"","format":"standard","meta":{"footnotes":""},"categories":[589,479,17988,478],"tags":[43746,4124],"class_list":["post-319162","post","type-post","status-publish","format-standard","has-post-thumbnail","","category-haber-seridi","category-haberler-yerel","category-son-haberler","category-yerel","tag-bmkp-heyetiyle-yerel-kalkinma-alanlarinda-is-birligini-artirma-yollarini-gorustu","tag-sam-valisi"],"_links":{"self":[{"href":"https:\/\/archive.sana.sy\/tr\/index.php?rest_route=\/wp\/v2\/posts\/319162","targetHints":{"allow":["GET"]}}],"collection":[{"href":"https:\/\/archive.sana.sy\/tr\/index.php?rest_route=\/wp\/v2\/posts"}],"about":[{"href":"https:\/\/archive.sana.sy\/tr\/index.php?rest_route=\/wp\/v2\/types\/post"}],"author":[{"embeddable":true,"href":"https:\/\/archive.sana.sy\/tr\/index.php?rest_route=\/wp\/v2\/users\/44"}],"replies":[{"embeddable":true,"href":"https:\/\/archive.sana.sy\/tr\/index.php?rest_route=%2Fwp%2Fv2%2Fcomments&post=319162"}],"version-history":[{"count":1,"href":"https:\/\/archive.sana.sy\/tr\/index.php?rest_route=\/wp\/v2\/posts\/319162\/revisions"}],"predecessor-version":[{"id":319164,"href":"https:\/\/archive.sana.sy\/tr\/index.php?rest_route=\/wp\/v2\/posts\/319162\/revisions\/319164"}],"wp:featuredmedia":[{"embeddable":true,"href":"https:\/\/archive.sana.sy\/tr\/index.php?rest_route=\/wp\/v2\/media\/319163"}],"wp:attachment":[{"href":"https:\/\/archive.sana.sy\/tr\/index.php?rest_route=%2Fwp%2Fv2%2Fmedia&parent=319162"}],"wp:term":[{"taxonomy":"category","embeddable":true,"href":"https:\/\/archive.sana.sy\/tr\/index.php?rest_route=%2Fwp%2Fv2%2Fcategories&post=319162"},{"taxonomy":"post_tag","embeddable":true,"href":"https:\/\/archive.sana.sy\/tr\/index.php?rest_route=%2Fwp%2Fv2%2Ftags&post=319162"}],"curies":[{"name":"wp","href":"https:\/\/api.w.org\/{rel}","templated":true}]}}