{"id":319165,"date":"2025-04-17T09:45:10","date_gmt":"2025-04-17T06:45:10","guid":{"rendered":"https:\/\/sana.sy\/tr\/?p=319165"},"modified":"2025-04-17T12:29:43","modified_gmt":"2025-04-17T09:29:43","slug":"suriye-ve-turkiye-finans-ve-bankacilik-alanlarinda-isbirligi-ve-yatirimlarin-tesviki-konularini-gorustu","status":"publish","type":"post","link":"https:\/\/archive.sana.sy\/tr\/?p=319165","title":{"rendered":"Suriye Ve T\u00fcrkiye, Finans Ve Bankac\u0131l\u0131k Alanlar\u0131nda \u0130\u015fbirli\u011fi Ve Yat\u0131r\u0131mlar\u0131n Te\u015fviki Konular\u0131n\u0131 G\u00f6r\u00fc\u015ft\u00fc"},"content":{"rendered":"<p style=\"text-align: justify;\"><span style=\"color: #800000;\"><strong>\u015eAMA (SANA) &#8211;<\/strong> <\/span>Suriye ve T\u00fcrkiye, finans ve bankac\u0131l\u0131k alanlar\u0131nda i\u015fbirli\u011fi ve yat\u0131r\u0131mlar\u0131n te\u015fviki konular\u0131n\u0131 g\u00f6r\u00fc\u015ft\u00fc.<\/p>\n<p style=\"text-align: justify;\">Maliye Bakan\u0131 Muhammed Yasir Berniye, Ticaret Bakan\u0131 \u00d6mer Polat\u00a0 ba\u015fkanl\u0131\u011f\u0131ndaki T\u00fcrk heyetiyle, Suriye ile T\u00fcrkiye aras\u0131ndaki ili\u015fkilerin g\u00fc\u00e7lendirilmesi, geli\u015ftirilmesi ve \u00e7e\u015fitli alanlarda daha da ileri ta\u015f\u0131nmas\u0131 mekanizmalar\u0131n\u0131 g\u00f6r\u00fc\u015ft\u00fc.<\/p>\n<p style=\"text-align: justify;\">Bakan Berniyeh, bug\u00fcn Maliye Bakanl\u0131\u011f\u0131&#8217;nda heyetle yapt\u0131\u011f\u0131 g\u00f6r\u00fc\u015fmede, T\u00fcrkiye&#8217;nin devrim y\u0131llar\u0131nda Suriye&#8217;ye ve halk\u0131na y\u00f6nelik destekleyici tutumuna de\u011finerek, T\u00fcrk heyetinin, yeni Suriye h\u00fck\u00fcmetinin g\u00f6reve ba\u015flad\u0131\u011f\u0131 ilk haftalarda ziyaret etmesinin, Suriye&#8217;ye destek olma, \u00fclkenin yeniden in\u015fas\u0131na katk\u0131da bulunma, kurumlar\u0131n\u0131 olu\u015fturma ve orada kalk\u0131nma sa\u011flama konusunda samimi bir ilgiyi yans\u0131tmas\u0131 bak\u0131m\u0131ndan \u00f6nemli oldu\u011funu vurgulad\u0131.<\/p>\n<p style=\"text-align: justify;\">Bakan Berniye ayr\u0131ca, Suriye h\u00fck\u00fcmetinin, cazip bir yat\u0131r\u0131m ortam\u0131 yaratmak, ilgili mevzuat\u0131 geli\u015ftirmek ve \u00e7\u0131karmak ve bu konuda kapsaml\u0131 kolayl\u0131klar sa\u011flamak amac\u0131yla Suriye&#8217;de yat\u0131r\u0131m\u0131 te\u015fvik etme konusunda istekli oldu\u011funu ifade etti.<\/p>\n<p style=\"text-align: justify;\">Bakan Polat ise Suriye ve T\u00fcrk halklar\u0131n\u0131 kadim zamanlardan beri birle\u015ftiren ili\u015fkilerin derinli\u011fine ve g\u00fcc\u00fcne i\u015faret ederek, iki \u00fclkenin co\u011frafi a\u00e7\u0131dan Do\u011fu ile Bat\u0131&#8217;y\u0131 birbirine ba\u011flayan bir k\u00f6pr\u00fc olu\u015fturdu\u011funu kaydederek,\u00a0 Suriyelilerin 14 zorlu y\u0131l\u0131n ard\u0131ndan elde etti\u011fi zaferin, 8 Aral\u0131k&#8217;ta yeni bir Suriye&#8217;nin do\u011fu\u015funa vesile oldu\u011funu belirtti.<\/p>\n<p style=\"text-align: justify;\">T\u00fcrk Bakan\u0131 ayr\u0131ca,, \u00fclkesinin Suriye&#8217;de g\u00fc\u00e7l\u00fc bir ekonomi in\u015fa etme, \u00fclkenin yeniden in\u015fas\u0131na katk\u0131da bulunma, tar\u0131m ve sanayiyi geli\u015ftirme ve her iki \u00fclke halk\u0131n\u0131n yarar\u0131na olacak \u015fekilde altyap\u0131s\u0131n\u0131 geli\u015ftirme konusundaki deste\u011fini teyit etti.<\/p>\n","protected":false},"excerpt":{"rendered":"<p>\u015eAMA (SANA) &#8211; Suriye ve T\u00fcrkiye, finans ve bankac\u0131l\u0131k alanlar\u0131nda i\u015fbirli\u011fi ve yat\u0131r\u0131mlar\u0131n te\u015fviki konular\u0131n\u0131 g\u00f6r\u00fc\u015ft\u00fc. Maliye Bakan\u0131 Muhammed Yasir Berniye, Ticaret Bakan\u0131 \u00d6mer Polat\u00a0 ba\u015fkanl\u0131\u011f\u0131ndaki T\u00fcrk heyetiyle, Suriye ile T\u00fcrkiye aras\u0131ndaki ili\u015fkilerin g\u00fc\u00e7lendirilmesi, geli\u015ftirilmesi ve \u00e7e\u015fitli alanlarda daha da ileri ta\u015f\u0131nmas\u0131 mekanizmalar\u0131n\u0131 g\u00f6r\u00fc\u015ft\u00fc. Bakan Berniyeh, bug\u00fcn Maliye Bakanl\u0131\u011f\u0131&#8217;nda heyetle yapt\u0131\u011f\u0131 g\u00f6r\u00fc\u015fmede, T\u00fcrkiye&#8217;nin devrim y\u0131llar\u0131nda &hellip;<\/p>\n","protected":false},"author":44,"featured_media":319166,"comment_status":"closed","ping_status":"closed","sticky":false,"template":"","format":"standard","meta":{"footnotes":""},"categories":[589,479,17988,478],"tags":[43747,24671],"class_list":["post-319165","post","type-post","status-publish","format-standard","has-post-thumbnail","","category-haber-seridi","category-haberler-yerel","category-son-haberler","category-yerel","tag-finans-ve-bankacilik-alanlarinda-isbirligi-ve-yatirimlarin-tesviki-konularini-gorustu","tag-suriye-ve-turkiye"],"_links":{"self":[{"href":"https:\/\/archive.sana.sy\/tr\/index.php?rest_route=\/wp\/v2\/posts\/319165","targetHints":{"allow":["GET"]}}],"collection":[{"href":"https:\/\/archive.sana.sy\/tr\/index.php?rest_route=\/wp\/v2\/posts"}],"about":[{"href":"https:\/\/archive.sana.sy\/tr\/index.php?rest_route=\/wp\/v2\/types\/post"}],"author":[{"embeddable":true,"href":"https:\/\/archive.sana.sy\/tr\/index.php?rest_route=\/wp\/v2\/users\/44"}],"replies":[{"embeddable":true,"href":"https:\/\/archive.sana.sy\/tr\/index.php?rest_route=%2Fwp%2Fv2%2Fcomments&post=319165"}],"version-history":[{"count":1,"href":"https:\/\/archive.sana.sy\/tr\/index.php?rest_route=\/wp\/v2\/posts\/319165\/revisions"}],"predecessor-version":[{"id":319167,"href":"https:\/\/archive.sana.sy\/tr\/index.php?rest_route=\/wp\/v2\/posts\/319165\/revisions\/319167"}],"wp:featuredmedia":[{"embeddable":true,"href":"https:\/\/archive.sana.sy\/tr\/index.php?rest_route=\/wp\/v2\/media\/319166"}],"wp:attachment":[{"href":"https:\/\/archive.sana.sy\/tr\/index.php?rest_route=%2Fwp%2Fv2%2Fmedia&parent=319165"}],"wp:term":[{"taxonomy":"category","embeddable":true,"href":"https:\/\/archive.sana.sy\/tr\/index.php?rest_route=%2Fwp%2Fv2%2Fcategories&post=319165"},{"taxonomy":"post_tag","embeddable":true,"href":"https:\/\/archive.sana.sy\/tr\/index.php?rest_route=%2Fwp%2Fv2%2Ftags&post=319165"}],"curies":[{"name":"wp","href":"https:\/\/api.w.org\/{rel}","templated":true}]}}