{"id":319168,"date":"2025-04-17T12:35:58","date_gmt":"2025-04-17T09:35:58","guid":{"rendered":"https:\/\/sana.sy\/tr\/?p=319168"},"modified":"2025-04-17T12:35:58","modified_gmt":"2025-04-17T09:35:58","slug":"urdun-disisleri-bakani-bugun-suriyeyi-ziyaret-ediyor","status":"publish","type":"post","link":"https:\/\/archive.sana.sy\/tr\/?p=319168","title":{"rendered":"\u00dcrd\u00fcn: D\u0131\u015fi\u015fleri Bakan\u0131 Bug\u00fcn Suriye&#8217;yi Ziyaret Ediyor"},"content":{"rendered":"<p style=\"text-align: justify;\"><span style=\"color: #800000;\"><strong>AMMAN (SANA) &#8211;<\/strong> <\/span>\u00dcrd\u00fcn D\u0131\u015fi\u015fleri Bakanl\u0131\u011f\u0131, Ba\u015fbakan Yard\u0131mc\u0131s\u0131 ve D\u0131\u015fi\u015fleri ve Gurbet\u00e7iler Bakan\u0131 Eymen Safadi&#8217;nin geni\u015fletilmi\u015f g\u00f6r\u00fc\u015fmelerde bulunmak i\u00e7in bug\u00fcn karde\u015f \u00fclke Suriye Arap Cumhuriyeti&#8217;ni ziyaret edece\u011fini duyurdu.<\/p>\n<p style=\"text-align: justify;\">Bakanl\u0131k, \u00dcrd\u00fcn Haber Ajans\u0131&#8217;n\u0131n (Petra) aktard\u0131\u011f\u0131 a\u00e7\u0131klamada \u015funlar\u0131 s\u00f6yledi: &#8221;Safadi, ziyaret kapsam\u0131nda Suriye Cumhurba\u015fkan\u0131 Ahmed El \u015eara ile bir araya gelecek ve D\u0131\u015fi\u015fleri Bakan\u0131 Asaad El \u015eeybani ile g\u00f6r\u00fc\u015fmelerde bulunacak.<\/p>\n","protected":false},"excerpt":{"rendered":"<p>AMMAN (SANA) &#8211; \u00dcrd\u00fcn D\u0131\u015fi\u015fleri Bakanl\u0131\u011f\u0131, Ba\u015fbakan Yard\u0131mc\u0131s\u0131 ve D\u0131\u015fi\u015fleri ve Gurbet\u00e7iler Bakan\u0131 Eymen Safadi&#8217;nin geni\u015fletilmi\u015f g\u00f6r\u00fc\u015fmelerde bulunmak i\u00e7in bug\u00fcn karde\u015f \u00fclke Suriye Arap Cumhuriyeti&#8217;ni ziyaret edece\u011fini duyurdu. Bakanl\u0131k, \u00dcrd\u00fcn Haber Ajans\u0131&#8217;n\u0131n (Petra) aktard\u0131\u011f\u0131 a\u00e7\u0131klamada \u015funlar\u0131 s\u00f6yledi: &#8221;Safadi, ziyaret kapsam\u0131nda Suriye Cumhurba\u015fkan\u0131 Ahmed El \u015eara ile bir araya gelecek ve D\u0131\u015fi\u015fleri Bakan\u0131 Asaad El \u015eeybani &hellip;<\/p>\n","protected":false},"author":44,"featured_media":319169,"comment_status":"closed","ping_status":"closed","sticky":false,"template":"","format":"standard","meta":{"footnotes":""},"categories":[458,589,459,17988],"tags":[43748],"class_list":["post-319168","post","type-post","status-publish","format-standard","has-post-thumbnail","","category-dunya1","category-haber-seridi","category-haberler-arap-uluslararasi-politika","category-son-haberler","tag-urdun-disisleri-bakani-bugun-suriyeyi-ziyaret-ediyor"],"_links":{"self":[{"href":"https:\/\/archive.sana.sy\/tr\/index.php?rest_route=\/wp\/v2\/posts\/319168","targetHints":{"allow":["GET"]}}],"collection":[{"href":"https:\/\/archive.sana.sy\/tr\/index.php?rest_route=\/wp\/v2\/posts"}],"about":[{"href":"https:\/\/archive.sana.sy\/tr\/index.php?rest_route=\/wp\/v2\/types\/post"}],"author":[{"embeddable":true,"href":"https:\/\/archive.sana.sy\/tr\/index.php?rest_route=\/wp\/v2\/users\/44"}],"replies":[{"embeddable":true,"href":"https:\/\/archive.sana.sy\/tr\/index.php?rest_route=%2Fwp%2Fv2%2Fcomments&post=319168"}],"version-history":[{"count":1,"href":"https:\/\/archive.sana.sy\/tr\/index.php?rest_route=\/wp\/v2\/posts\/319168\/revisions"}],"predecessor-version":[{"id":319170,"href":"https:\/\/archive.sana.sy\/tr\/index.php?rest_route=\/wp\/v2\/posts\/319168\/revisions\/319170"}],"wp:featuredmedia":[{"embeddable":true,"href":"https:\/\/archive.sana.sy\/tr\/index.php?rest_route=\/wp\/v2\/media\/319169"}],"wp:attachment":[{"href":"https:\/\/archive.sana.sy\/tr\/index.php?rest_route=%2Fwp%2Fv2%2Fmedia&parent=319168"}],"wp:term":[{"taxonomy":"category","embeddable":true,"href":"https:\/\/archive.sana.sy\/tr\/index.php?rest_route=%2Fwp%2Fv2%2Fcategories&post=319168"},{"taxonomy":"post_tag","embeddable":true,"href":"https:\/\/archive.sana.sy\/tr\/index.php?rest_route=%2Fwp%2Fv2%2Ftags&post=319168"}],"curies":[{"name":"wp","href":"https:\/\/api.w.org\/{rel}","templated":true}]}}