{"id":319172,"date":"2025-04-17T14:13:32","date_gmt":"2025-04-17T11:13:32","guid":{"rendered":"https:\/\/sana.sy\/tr\/?p=319172"},"modified":"2025-04-17T14:13:32","modified_gmt":"2025-04-17T11:13:32","slug":"egitim-bakani-alman-maslahatguzari-ile-gelecekteki-isbirligi-olanaklarini-gorustu","status":"publish","type":"post","link":"https:\/\/archive.sana.sy\/tr\/?p=319172","title":{"rendered":"E\u011fitim Bakan\u0131, Alman Maslahatg\u00fczar\u0131 \u0130le Gelecekteki \u0130\u015fbirli\u011fi Olanaklar\u0131n\u0131 G\u00f6r\u00fc\u015ft\u00fc"},"content":{"rendered":"<p style=\"text-align: justify;\"><span style=\"color: #800000;\"><strong>\u015eAM (SANA) &#8211;<\/strong><\/span> E\u011fitim Bakan\u0131 Muhammed Abdurrahman Tarku, bug\u00fcn Almanya&#8217;n\u0131n Suriye Maslahatg\u00fczar\u0131 Margarete Jacob ve beraberindeki heyeti kabul\u00fcnde, iki \u00fclke aras\u0131ndaki e\u011fitimin mevcut durumu ve gelecekteki i\u015fbirli\u011fi beklentilerini ele ald\u0131.<\/p>\n<p style=\"text-align: justify;\">\u015eam&#8217;daki bakanl\u0131k binas\u0131nda ger\u00e7ekle\u015fen g\u00f6r\u00fc\u015fmede Bakan Tarku, mesleki e\u011fitimde Alman deneyiminden yararlanman\u0131n \u00f6nemine vurgu yaparak, Alman taraf\u0131na, Suriye halk\u0131na verdi\u011fi s\u00fcrekli destek ve Suriye&#8217;nin yeniden in\u015fas\u0131 s\u00fcrecinin \u00f6n\u00fcnde engel te\u015fkil eden ekonomik yapt\u0131r\u0131mlar\u0131n kald\u0131r\u0131lmas\u0131 y\u00f6n\u00fcndeki \u00e7abalar\u0131ndan dolay\u0131 te\u015fekk\u00fcr etti.<\/p>\n<p style=\"text-align: justify;\">Jacob ise Suriye&#8217;deki e\u011fitim sekt\u00f6r\u00fcne y\u00f6nelik acil m\u00fcdahale plan\u0131ndan duydu\u011fu memnuniyeti dile getirerek, E\u011fitim Bakanl\u0131\u011f\u0131&#8217;n\u0131n vizyonu ve m\u00fcdahale plan\u0131 \u00e7er\u00e7evesinde E\u011fitim Bakanl\u0131\u011f\u0131 ile i\u015f birli\u011fine haz\u0131r olduklar\u0131n\u0131 kaydetti.<\/p>\n","protected":false},"excerpt":{"rendered":"<p>\u015eAM (SANA) &#8211; E\u011fitim Bakan\u0131 Muhammed Abdurrahman Tarku, bug\u00fcn Almanya&#8217;n\u0131n Suriye Maslahatg\u00fczar\u0131 Margarete Jacob ve beraberindeki heyeti kabul\u00fcnde, iki \u00fclke aras\u0131ndaki e\u011fitimin mevcut durumu ve gelecekteki i\u015fbirli\u011fi beklentilerini ele ald\u0131. \u015eam&#8217;daki bakanl\u0131k binas\u0131nda ger\u00e7ekle\u015fen g\u00f6r\u00fc\u015fmede Bakan Tarku, mesleki e\u011fitimde Alman deneyiminden yararlanman\u0131n \u00f6nemine vurgu yaparak, Alman taraf\u0131na, Suriye halk\u0131na verdi\u011fi s\u00fcrekli destek ve Suriye&#8217;nin yeniden &hellip;<\/p>\n","protected":false},"author":44,"featured_media":319173,"comment_status":"closed","ping_status":"closed","sticky":false,"template":"","format":"standard","meta":{"footnotes":""},"categories":[589,479,17988,478],"tags":[43749,4119],"class_list":["post-319172","post","type-post","status-publish","format-standard","has-post-thumbnail","","category-haber-seridi","category-haberler-yerel","category-son-haberler","category-yerel","tag-alman-maslahatguzari-ile-gelecekteki-isbirligi-olanaklarini-gorustu","tag-egitim-bakani"],"_links":{"self":[{"href":"https:\/\/archive.sana.sy\/tr\/index.php?rest_route=\/wp\/v2\/posts\/319172","targetHints":{"allow":["GET"]}}],"collection":[{"href":"https:\/\/archive.sana.sy\/tr\/index.php?rest_route=\/wp\/v2\/posts"}],"about":[{"href":"https:\/\/archive.sana.sy\/tr\/index.php?rest_route=\/wp\/v2\/types\/post"}],"author":[{"embeddable":true,"href":"https:\/\/archive.sana.sy\/tr\/index.php?rest_route=\/wp\/v2\/users\/44"}],"replies":[{"embeddable":true,"href":"https:\/\/archive.sana.sy\/tr\/index.php?rest_route=%2Fwp%2Fv2%2Fcomments&post=319172"}],"version-history":[{"count":1,"href":"https:\/\/archive.sana.sy\/tr\/index.php?rest_route=\/wp\/v2\/posts\/319172\/revisions"}],"predecessor-version":[{"id":319174,"href":"https:\/\/archive.sana.sy\/tr\/index.php?rest_route=\/wp\/v2\/posts\/319172\/revisions\/319174"}],"wp:featuredmedia":[{"embeddable":true,"href":"https:\/\/archive.sana.sy\/tr\/index.php?rest_route=\/wp\/v2\/media\/319173"}],"wp:attachment":[{"href":"https:\/\/archive.sana.sy\/tr\/index.php?rest_route=%2Fwp%2Fv2%2Fmedia&parent=319172"}],"wp:term":[{"taxonomy":"category","embeddable":true,"href":"https:\/\/archive.sana.sy\/tr\/index.php?rest_route=%2Fwp%2Fv2%2Fcategories&post=319172"},{"taxonomy":"post_tag","embeddable":true,"href":"https:\/\/archive.sana.sy\/tr\/index.php?rest_route=%2Fwp%2Fv2%2Ftags&post=319172"}],"curies":[{"name":"wp","href":"https:\/\/api.w.org\/{rel}","templated":true}]}}