{"id":319180,"date":"2025-04-17T14:20:54","date_gmt":"2025-04-17T11:20:54","guid":{"rendered":"https:\/\/sana.sy\/tr\/?p=319180"},"modified":"2025-04-17T14:43:09","modified_gmt":"2025-04-17T11:43:09","slug":"enerji-bakani-cek-heyetiyle-ortak-isbirliginin-artirilmasi-konusunu-gorustu","status":"publish","type":"post","link":"https:\/\/archive.sana.sy\/tr\/?p=319180","title":{"rendered":"Enerji Bakan\u0131, \u00c7ek Heyetiyle Ortak \u0130\u015fbirli\u011finin Art\u0131r\u0131lmas\u0131 Konusunu G\u00f6r\u00fc\u015ft\u00fc"},"content":{"rendered":"<p style=\"text-align: justify;\"><span style=\"color: #800000;\"><strong>\u015eAM (SANA)<\/strong> <\/span>&#8211; \u00a0Enerji Bakan\u0131 Muhammed El Be\u015fir, \u00c7ekya B\u00fcy\u00fckel\u00e7ili\u011fi heyetiyle enerji ve yat\u0131r\u0131m alanlar\u0131nda Suriye ile \u00c7ek Cumhuriyeti aras\u0131nda i\u015fbirli\u011fi yollar\u0131n\u0131 g\u00f6r\u00fc\u015ft\u00fc.<\/p>\n<p style=\"text-align: justify;\">Bakanl\u0131k, Telegram kanal\u0131 \u00fczerinden yapt\u0131\u011f\u0131 a\u00e7\u0131klamada \u015funlar\u0131 s\u00f6yledi: \u2018\u2019Bakanl\u0131k merkezinde ger\u00e7ekle\u015fen g\u00f6r\u00fc\u015fmede, gelece\u011fe y\u00f6nelik projeler ele al\u0131narak, bunlar\u0131n s\u00fcrd\u00fcr\u00fclebilir kalk\u0131nman\u0131n sa\u011flanmas\u0131 ve iki \u00fclke aras\u0131ndaki ekonomik ili\u015fkilerin g\u00fc\u00e7lendirilmesindeki rol\u00fc de\u011ferlendirildi.\u2019\u2019<\/p>\n<div id='gallery-1' class='gallery galleryid-319180 gallery-columns-1 gallery-size-full'><figure class='gallery-item'>\n\t\t\t<div class='gallery-icon landscape'>\n\t\t\t\t<a href='https:\/\/archive.sana.sy\/tr\/?attachment_id=319182'><img loading=\"lazy\" decoding=\"async\" width=\"660\" height=\"440\" src=\"https:\/\/archive.sana.sy\/tr\/wp-content\/uploads\/2025\/04\/photo_2025-04-17_10-31-04.jpg\" class=\"attachment-full size-full\" alt=\"\" srcset=\"https:\/\/archive.sana.sy\/tr\/wp-content\/uploads\/2025\/04\/photo_2025-04-17_10-31-04.jpg 660w, https:\/\/archive.sana.sy\/tr\/wp-content\/uploads\/2025\/04\/photo_2025-04-17_10-31-04-300x200.jpg 300w\" sizes=\"auto, (max-width: 660px) 100vw, 660px\" \/><\/a>\n\t\t\t<\/div><\/figure>\n\t\t<\/div>\n\n","protected":false},"excerpt":{"rendered":"<p>\u015eAM (SANA) &#8211; \u00a0Enerji Bakan\u0131 Muhammed El Be\u015fir, \u00c7ekya B\u00fcy\u00fckel\u00e7ili\u011fi heyetiyle enerji ve yat\u0131r\u0131m alanlar\u0131nda Suriye ile \u00c7ek Cumhuriyeti aras\u0131nda i\u015fbirli\u011fi yollar\u0131n\u0131 g\u00f6r\u00fc\u015ft\u00fc. Bakanl\u0131k, Telegram kanal\u0131 \u00fczerinden yapt\u0131\u011f\u0131 a\u00e7\u0131klamada \u015funlar\u0131 s\u00f6yledi: \u2018\u2019Bakanl\u0131k merkezinde ger\u00e7ekle\u015fen g\u00f6r\u00fc\u015fmede, gelece\u011fe y\u00f6nelik projeler ele al\u0131narak, bunlar\u0131n s\u00fcrd\u00fcr\u00fclebilir kalk\u0131nman\u0131n sa\u011flanmas\u0131 ve iki \u00fclke aras\u0131ndaki ekonomik ili\u015fkilerin g\u00fc\u00e7lendirilmesindeki rol\u00fc de\u011ferlendirildi.\u2019\u2019<\/p>\n","protected":false},"author":44,"featured_media":319181,"comment_status":"closed","ping_status":"closed","sticky":false,"template":"","format":"standard","meta":{"footnotes":""},"categories":[485,589,486,17988],"tags":[],"class_list":["post-319180","post","type-post","status-publish","format-standard","has-post-thumbnail","","category-is-ve-sermaye","category-haber-seridi","category-haberler-is-ve-sermaye","category-son-haberler"],"_links":{"self":[{"href":"https:\/\/archive.sana.sy\/tr\/index.php?rest_route=\/wp\/v2\/posts\/319180","targetHints":{"allow":["GET"]}}],"collection":[{"href":"https:\/\/archive.sana.sy\/tr\/index.php?rest_route=\/wp\/v2\/posts"}],"about":[{"href":"https:\/\/archive.sana.sy\/tr\/index.php?rest_route=\/wp\/v2\/types\/post"}],"author":[{"embeddable":true,"href":"https:\/\/archive.sana.sy\/tr\/index.php?rest_route=\/wp\/v2\/users\/44"}],"replies":[{"embeddable":true,"href":"https:\/\/archive.sana.sy\/tr\/index.php?rest_route=%2Fwp%2Fv2%2Fcomments&post=319180"}],"version-history":[{"count":1,"href":"https:\/\/archive.sana.sy\/tr\/index.php?rest_route=\/wp\/v2\/posts\/319180\/revisions"}],"predecessor-version":[{"id":319183,"href":"https:\/\/archive.sana.sy\/tr\/index.php?rest_route=\/wp\/v2\/posts\/319180\/revisions\/319183"}],"wp:featuredmedia":[{"embeddable":true,"href":"https:\/\/archive.sana.sy\/tr\/index.php?rest_route=\/wp\/v2\/media\/319181"}],"wp:attachment":[{"href":"https:\/\/archive.sana.sy\/tr\/index.php?rest_route=%2Fwp%2Fv2%2Fmedia&parent=319180"}],"wp:term":[{"taxonomy":"category","embeddable":true,"href":"https:\/\/archive.sana.sy\/tr\/index.php?rest_route=%2Fwp%2Fv2%2Fcategories&post=319180"},{"taxonomy":"post_tag","embeddable":true,"href":"https:\/\/archive.sana.sy\/tr\/index.php?rest_route=%2Fwp%2Fv2%2Ftags&post=319180"}],"curies":[{"name":"wp","href":"https:\/\/api.w.org\/{rel}","templated":true}]}}