{"id":319184,"date":"2025-04-17T14:38:10","date_gmt":"2025-04-17T11:38:10","guid":{"rendered":"https:\/\/sana.sy\/tr\/?p=319184"},"modified":"2025-04-17T16:31:18","modified_gmt":"2025-04-17T13:31:18","slug":"politico-abd-disisleri-ve-hazine-bakanliklari-suriyeye-yonelik-ekonomik-yaptirimlari-hafifletmeyi-degerlendiriyor","status":"publish","type":"post","link":"https:\/\/archive.sana.sy\/tr\/?p=319184","title":{"rendered":"Politico: ABD D\u0131\u015fi\u015fleri Ve Hazine Bakanl\u0131klar\u0131, Suriye&#8217;ye Y\u00f6nelik Ekonomik Yapt\u0131r\u0131mlar\u0131 Hafifletmeyi De\u011ferlendiriyor"},"content":{"rendered":"<p style=\"text-align: justify;\"><span style=\"color: #800000;\"><strong>VA\u015e\u0130NGTON (SANA)<\/strong><\/span> &#8211; \u00a0Politico gazetesi, ABD D\u0131\u015fi\u015fleri ve Hazine Bakanl\u0131klar\u0131n\u0131n Suriye&#8217;ye y\u00f6nelik ekonomik yapt\u0131r\u0131mlar\u0131 hafifletme planlar\u0131n\u0131 de\u011ferlendirdi\u011fini ortaya koydu.<\/p>\n<p style=\"text-align: justify;\">Amerikan gazetesi, ABD D\u0131\u015fi\u015fleri Bakanl\u0131\u011f\u0131&#8217;n\u0131n \u00fcst d\u00fczey yetkilisi Paul Guglielmon&#8217;un bu ay\u0131n ba\u015flar\u0131nda ABD Senatosu Bankac\u0131l\u0131k Komitesi&#8217;nin \u00fcst d\u00fczey \u00fcyelerinden Elizabeth Warren&#8217;a g\u00f6nderdi\u011fi mektubun, ABD y\u00f6netiminin Suriye&#8217;ye yakla\u015fmas\u0131 ve iki taraf aras\u0131nda ili\u015fki kurulmas\u0131 olas\u0131l\u0131\u011f\u0131na ili\u015fkin hararetli tart\u0131\u015fmalar\u0131 ortaya koydu\u011funu bildirdi.<\/p>\n<p style=\"text-align: justify;\">Politico&#8217;nun bir kopyas\u0131n\u0131 elde etti\u011fi mektupta Guglielmon, &#8220;Esad rejiminin ac\u0131mas\u0131z ve bask\u0131c\u0131 y\u00f6netiminin sona ermesi, Suriye ve halk\u0131 i\u00e7in \u00fclkelerini \u0130ran ve Rusya etkisinden uzak bir \u015fekilde yeniden in\u015fa etmek i\u00e7in tarihi bir f\u0131rsat sunuyor&#8221; ifadelerini kullanarak, bu ba\u011flamda, ABD&#8217;nin Ocak ay\u0131nda Suriye&#8217;ye, temel hizmetlerin sa\u011flanmas\u0131n\u0131 kolayla\u015ft\u0131rmak amac\u0131yla belirli yapt\u0131r\u0131mlardan muafiyet sa\u011flayan genel lisanslar verme hamlesine i\u015faret etti ve ABD&#8217;nin daha fazla lisans vermeyi d\u00fc\u015f\u00fcnd\u00fc\u011f\u00fcn\u00fc belirtti.<\/p>\n<p style=\"text-align: justify;\">Guglielmon mektubunda \u200b\u200b\u015funlar\u0131 ekledi: \u2018\u2019D\u0131\u015fi\u015fleri Bakanl\u0131\u011f\u0131, Hazine Bakanl\u0131\u011f\u0131 ile koordinasyon halinde, ek muafiyetler ve lisanslar ile yabanc\u0131 ortaklar ve m\u00fcttefiklerden yard\u0131m da dahil olmak \u00fczere ABD&#8217;nin politika hedeflerini desteklemek i\u00e7in bir dizi ek se\u00e7enek de\u011ferlendiriyor.\u2019\u2019<\/p>\n<p style=\"text-align: justify;\">Gazete ayr\u0131ca, analist ve diplomatlar\u0131n, Suriye&#8217;deki bu kritik ge\u00e7i\u015f d\u00f6neminde ekonomik kalk\u0131nman\u0131n te\u015fvik edilmesinin ve \u00fclkenin yeni liderli\u011finin benimsenmesinin \u00fclkenin toparlanmas\u0131na yard\u0131mc\u0131 olabilece\u011fine ve hatta ABD&#8217;nin ter\u00f6r \u00f6rg\u00fct\u00fc I\u015e\u0130D&#8217;i nihayet ezmesine yard\u0131mc\u0131 olabilece\u011fine inand\u0131\u011f\u0131n\u0131 belirtti.<\/p>\n<p style=\"text-align: justify;\">Gazete, Warren ve Senat\u00f6r Joe Wilson&#8217;\u0131n Guglielmon&#8217;un mektubuna yan\u0131t verdi\u011fini ve mektubun Trump y\u00f6netimine ABD&#8217;nin Suriye ile ili\u015fkilerini yeniden d\u00fczenlemesi y\u00f6n\u00fcnde bask\u0131 yapma konusunda iki partili bir ilgi g\u00f6sterdi\u011fini de kaydetti.<\/p>\n","protected":false},"excerpt":{"rendered":"<p>VA\u015e\u0130NGTON (SANA) &#8211; \u00a0Politico gazetesi, ABD D\u0131\u015fi\u015fleri ve Hazine Bakanl\u0131klar\u0131n\u0131n Suriye&#8217;ye y\u00f6nelik ekonomik yapt\u0131r\u0131mlar\u0131 hafifletme planlar\u0131n\u0131 de\u011ferlendirdi\u011fini ortaya koydu. Amerikan gazetesi, ABD D\u0131\u015fi\u015fleri Bakanl\u0131\u011f\u0131&#8217;n\u0131n \u00fcst d\u00fczey yetkilisi Paul Guglielmon&#8217;un bu ay\u0131n ba\u015flar\u0131nda ABD Senatosu Bankac\u0131l\u0131k Komitesi&#8217;nin \u00fcst d\u00fczey \u00fcyelerinden Elizabeth Warren&#8217;a g\u00f6nderdi\u011fi mektubun, ABD y\u00f6netiminin Suriye&#8217;ye yakla\u015fmas\u0131 ve iki taraf aras\u0131nda ili\u015fki kurulmas\u0131 olas\u0131l\u0131\u011f\u0131na ili\u015fkin &hellip;<\/p>\n","protected":false},"author":44,"featured_media":319185,"comment_status":"closed","ping_status":"closed","sticky":false,"template":"","format":"standard","meta":{"footnotes":""},"categories":[556,559,589,17988],"tags":[43752,43753],"class_list":["post-319184","post","type-post","status-publish","format-standard","has-post-thumbnail","","category-basin","category-dunya-basini","category-haber-seridi","category-son-haberler","tag-politico-gazetesi-abd-disisleri-ve-hazine-bakanliklari","tag-suriyeye-yonelik-ekonomik-yaptirimlari-hafifletmeyi-degerlendiriyor"],"_links":{"self":[{"href":"https:\/\/archive.sana.sy\/tr\/index.php?rest_route=\/wp\/v2\/posts\/319184","targetHints":{"allow":["GET"]}}],"collection":[{"href":"https:\/\/archive.sana.sy\/tr\/index.php?rest_route=\/wp\/v2\/posts"}],"about":[{"href":"https:\/\/archive.sana.sy\/tr\/index.php?rest_route=\/wp\/v2\/types\/post"}],"author":[{"embeddable":true,"href":"https:\/\/archive.sana.sy\/tr\/index.php?rest_route=\/wp\/v2\/users\/44"}],"replies":[{"embeddable":true,"href":"https:\/\/archive.sana.sy\/tr\/index.php?rest_route=%2Fwp%2Fv2%2Fcomments&post=319184"}],"version-history":[{"count":2,"href":"https:\/\/archive.sana.sy\/tr\/index.php?rest_route=\/wp\/v2\/posts\/319184\/revisions"}],"predecessor-version":[{"id":319191,"href":"https:\/\/archive.sana.sy\/tr\/index.php?rest_route=\/wp\/v2\/posts\/319184\/revisions\/319191"}],"wp:featuredmedia":[{"embeddable":true,"href":"https:\/\/archive.sana.sy\/tr\/index.php?rest_route=\/wp\/v2\/media\/319185"}],"wp:attachment":[{"href":"https:\/\/archive.sana.sy\/tr\/index.php?rest_route=%2Fwp%2Fv2%2Fmedia&parent=319184"}],"wp:term":[{"taxonomy":"category","embeddable":true,"href":"https:\/\/archive.sana.sy\/tr\/index.php?rest_route=%2Fwp%2Fv2%2Fcategories&post=319184"},{"taxonomy":"post_tag","embeddable":true,"href":"https:\/\/archive.sana.sy\/tr\/index.php?rest_route=%2Fwp%2Fv2%2Ftags&post=319184"}],"curies":[{"name":"wp","href":"https:\/\/api.w.org\/{rel}","templated":true}]}}