{"id":319203,"date":"2025-04-17T17:04:08","date_gmt":"2025-04-17T14:04:08","guid":{"rendered":"https:\/\/sana.sy\/tr\/?p=319203"},"modified":"2025-04-17T17:49:58","modified_gmt":"2025-04-17T14:49:58","slug":"dera-valisi-ve-siyasi-isler-muduru-suriyedeki-turkiye-buyukelciligi-maslahatguzari-ile-ildeki-insani-durumu-gorustu","status":"publish","type":"post","link":"https:\/\/archive.sana.sy\/tr\/?p=319203","title":{"rendered":"Dera Valisi Ve Siyasi \u0130\u015fler M\u00fcd\u00fcr\u00fc, Suriye&#8217;deki T\u00fcrkiye B\u00fcy\u00fckel\u00e7ili\u011fi Maslahatg\u00fczar\u0131 \u0130le \u0130ldeki \u0130nsani Durumu G\u00f6r\u00fc\u015ft\u00fc"},"content":{"rendered":"<p style=\"text-align: justify;\"><span style=\"color: #800000;\"><strong>DERA (SANA)<\/strong> <\/span>&#8211;\u00a0 Dera Valisi Enver Taha El Zubi ve Siyasi \u0130\u015fler Direkt\u00f6r\u00fc Me\u015fhur Masalimeh, Suriye&#8217;deki T\u00fcrkiye Maslahatg\u00fczarl\u0131\u011f\u0131 Burhan K\u00f6ro\u011flu ile ildeki insani durumu ve en ihtiya\u00e7 sahibi sakinlere yard\u0131m sa\u011flaman\u0131n yollar\u0131n\u0131 g\u00f6r\u00fc\u015ft\u00fc.<\/p>\n<div id='gallery-1' class='gallery galleryid-319203 gallery-columns-1 gallery-size-full'><figure class='gallery-item'>\n\t\t\t<div class='gallery-icon landscape'>\n\t\t\t\t<a href='https:\/\/archive.sana.sy\/tr\/?attachment_id=319205'><img loading=\"lazy\" decoding=\"async\" width=\"1180\" height=\"814\" src=\"https:\/\/archive.sana.sy\/tr\/wp-content\/uploads\/2025\/04\/photo_1_2025-04-17_16-47-25.jpg\" class=\"attachment-full size-full\" alt=\"\" srcset=\"https:\/\/archive.sana.sy\/tr\/wp-content\/uploads\/2025\/04\/photo_1_2025-04-17_16-47-25.jpg 1180w, https:\/\/archive.sana.sy\/tr\/wp-content\/uploads\/2025\/04\/photo_1_2025-04-17_16-47-25-300x207.jpg 300w, https:\/\/archive.sana.sy\/tr\/wp-content\/uploads\/2025\/04\/photo_1_2025-04-17_16-47-25-1024x706.jpg 1024w, https:\/\/archive.sana.sy\/tr\/wp-content\/uploads\/2025\/04\/photo_1_2025-04-17_16-47-25-768x530.jpg 768w, https:\/\/archive.sana.sy\/tr\/wp-content\/uploads\/2025\/04\/photo_1_2025-04-17_16-47-25-110x75.jpg 110w\" sizes=\"auto, (max-width: 1180px) 100vw, 1180px\" \/><\/a>\n\t\t\t<\/div><\/figure><figure class='gallery-item'>\n\t\t\t<div class='gallery-icon landscape'>\n\t\t\t\t<a href='https:\/\/archive.sana.sy\/tr\/?attachment_id=319206'><img loading=\"lazy\" decoding=\"async\" width=\"1066\" height=\"711\" src=\"https:\/\/archive.sana.sy\/tr\/wp-content\/uploads\/2025\/04\/photo_3_2025-04-17_16-47-25.jpg\" class=\"attachment-full size-full\" alt=\"\" srcset=\"https:\/\/archive.sana.sy\/tr\/wp-content\/uploads\/2025\/04\/photo_3_2025-04-17_16-47-25.jpg 1066w, https:\/\/archive.sana.sy\/tr\/wp-content\/uploads\/2025\/04\/photo_3_2025-04-17_16-47-25-300x200.jpg 300w, https:\/\/archive.sana.sy\/tr\/wp-content\/uploads\/2025\/04\/photo_3_2025-04-17_16-47-25-1024x683.jpg 1024w, https:\/\/archive.sana.sy\/tr\/wp-content\/uploads\/2025\/04\/photo_3_2025-04-17_16-47-25-768x512.jpg 768w\" sizes=\"auto, (max-width: 1066px) 100vw, 1066px\" \/><\/a>\n\t\t\t<\/div><\/figure><figure class='gallery-item'>\n\t\t\t<div class='gallery-icon landscape'>\n\t\t\t\t<a href='https:\/\/archive.sana.sy\/tr\/?attachment_id=319207'><img loading=\"lazy\" decoding=\"async\" width=\"1155\" height=\"771\" src=\"https:\/\/archive.sana.sy\/tr\/wp-content\/uploads\/2025\/04\/photo_4_2025-04-17_16-47-25.jpg\" class=\"attachment-full size-full\" alt=\"\" srcset=\"https:\/\/archive.sana.sy\/tr\/wp-content\/uploads\/2025\/04\/photo_4_2025-04-17_16-47-25.jpg 1155w, https:\/\/archive.sana.sy\/tr\/wp-content\/uploads\/2025\/04\/photo_4_2025-04-17_16-47-25-300x200.jpg 300w, https:\/\/archive.sana.sy\/tr\/wp-content\/uploads\/2025\/04\/photo_4_2025-04-17_16-47-25-1024x684.jpg 1024w, https:\/\/archive.sana.sy\/tr\/wp-content\/uploads\/2025\/04\/photo_4_2025-04-17_16-47-25-768x513.jpg 768w\" sizes=\"auto, (max-width: 1155px) 100vw, 1155px\" \/><\/a>\n\t\t\t<\/div><\/figure>\n\t\t<\/div>\n\n","protected":false},"excerpt":{"rendered":"<p>DERA (SANA) &#8211;\u00a0 Dera Valisi Enver Taha El Zubi ve Siyasi \u0130\u015fler Direkt\u00f6r\u00fc Me\u015fhur Masalimeh, Suriye&#8217;deki T\u00fcrkiye Maslahatg\u00fczarl\u0131\u011f\u0131 Burhan K\u00f6ro\u011flu ile ildeki insani durumu ve en ihtiya\u00e7 sahibi sakinlere yard\u0131m sa\u011flaman\u0131n yollar\u0131n\u0131 g\u00f6r\u00fc\u015ft\u00fc.<\/p>\n","protected":false},"author":41,"featured_media":319204,"comment_status":"closed","ping_status":"closed","sticky":false,"template":"","format":"standard","meta":{"footnotes":""},"categories":[589,17988,2554,2555],"tags":[],"class_list":["post-319203","post","type-post","status-publish","format-standard","has-post-thumbnail","","category-haber-seridi","category-son-haberler","category-suriye-ve-dunya","category-suriye-ve-turkiye"],"_links":{"self":[{"href":"https:\/\/archive.sana.sy\/tr\/index.php?rest_route=\/wp\/v2\/posts\/319203","targetHints":{"allow":["GET"]}}],"collection":[{"href":"https:\/\/archive.sana.sy\/tr\/index.php?rest_route=\/wp\/v2\/posts"}],"about":[{"href":"https:\/\/archive.sana.sy\/tr\/index.php?rest_route=\/wp\/v2\/types\/post"}],"author":[{"embeddable":true,"href":"https:\/\/archive.sana.sy\/tr\/index.php?rest_route=\/wp\/v2\/users\/41"}],"replies":[{"embeddable":true,"href":"https:\/\/archive.sana.sy\/tr\/index.php?rest_route=%2Fwp%2Fv2%2Fcomments&post=319203"}],"version-history":[{"count":2,"href":"https:\/\/archive.sana.sy\/tr\/index.php?rest_route=\/wp\/v2\/posts\/319203\/revisions"}],"predecessor-version":[{"id":319220,"href":"https:\/\/archive.sana.sy\/tr\/index.php?rest_route=\/wp\/v2\/posts\/319203\/revisions\/319220"}],"wp:featuredmedia":[{"embeddable":true,"href":"https:\/\/archive.sana.sy\/tr\/index.php?rest_route=\/wp\/v2\/media\/319204"}],"wp:attachment":[{"href":"https:\/\/archive.sana.sy\/tr\/index.php?rest_route=%2Fwp%2Fv2%2Fmedia&parent=319203"}],"wp:term":[{"taxonomy":"category","embeddable":true,"href":"https:\/\/archive.sana.sy\/tr\/index.php?rest_route=%2Fwp%2Fv2%2Fcategories&post=319203"},{"taxonomy":"post_tag","embeddable":true,"href":"https:\/\/archive.sana.sy\/tr\/index.php?rest_route=%2Fwp%2Fv2%2Ftags&post=319203"}],"curies":[{"name":"wp","href":"https:\/\/api.w.org\/{rel}","templated":true}]}}