{"id":319221,"date":"2025-04-18T08:00:59","date_gmt":"2025-04-18T05:00:59","guid":{"rendered":"https:\/\/sana.sy\/tr\/?p=319221"},"modified":"2025-04-18T10:01:35","modified_gmt":"2025-04-18T07:01:35","slug":"ulastirma-ve-ticaret-alanlarinda-is-birligini-artirmak-mal-ve-yolcu-dolasimini-kolaylastirmak-amaciyla-suriye-turkiye-gorusmeleri-gerceklesti","status":"publish","type":"post","link":"https:\/\/archive.sana.sy\/tr\/?p=319221","title":{"rendered":"Ula\u015ft\u0131rma Ve Ticaret Alanlar\u0131nda \u0130\u015f Birli\u011fini Art\u0131rmak, Mal Ve Yolcu Dola\u015f\u0131m\u0131n\u0131 Kolayla\u015ft\u0131rmak Amac\u0131yla Suriye-T\u00fcrkiye G\u00f6r\u00fc\u015fmeleri Ger\u00e7ekle\u015fti"},"content":{"rendered":"<p style=\"text-align: justify;\"><span style=\"color: #800000;\"><strong>\u015eAM (SANA)<\/strong> &#8211;<\/span> Ula\u015ft\u0131rma Bakan\u0131 Yarub Bedir, T\u00fcrkiye Ticaret Bakan\u0131 \u00d6mer Polat ve beraberindeki heyet ile ula\u015ft\u0131rma ve ticaret alanlar\u0131nda i\u015fbirli\u011finin art\u0131r\u0131lmas\u0131, iki \u00fclke aras\u0131nda y\u00fck ve yolcu ta\u015f\u0131mac\u0131l\u0131\u011f\u0131n\u0131n kolayla\u015ft\u0131r\u0131lmas\u0131 yollar\u0131n\u0131 g\u00f6r\u00fc\u015ft\u00fc.<\/p>\n<p style=\"text-align: justify;\">\u015eam&#8217;daki Bakanl\u0131k merkezinde ger\u00e7ekle\u015fen g\u00f6r\u00fc\u015fmede, iki \u00fclke aras\u0131ndaki ekonomik ili\u015fkilerin desteklenmesi amac\u0131yla g\u00fcmr\u00fck altyap\u0131s\u0131n\u0131n geli\u015ftirilmesi ve ihracat g\u00fczergahlar\u0131n\u0131n etkinle\u015ftirilmesi konular\u0131 ele al\u0131nd\u0131.<\/p>\n","protected":false},"excerpt":{"rendered":"<p>\u015eAM (SANA) &#8211; Ula\u015ft\u0131rma Bakan\u0131 Yarub Bedir, T\u00fcrkiye Ticaret Bakan\u0131 \u00d6mer Polat ve beraberindeki heyet ile ula\u015ft\u0131rma ve ticaret alanlar\u0131nda i\u015fbirli\u011finin art\u0131r\u0131lmas\u0131, iki \u00fclke aras\u0131nda y\u00fck ve yolcu ta\u015f\u0131mac\u0131l\u0131\u011f\u0131n\u0131n kolayla\u015ft\u0131r\u0131lmas\u0131 yollar\u0131n\u0131 g\u00f6r\u00fc\u015ft\u00fc. \u015eam&#8217;daki Bakanl\u0131k merkezinde ger\u00e7ekle\u015fen g\u00f6r\u00fc\u015fmede, iki \u00fclke aras\u0131ndaki ekonomik ili\u015fkilerin desteklenmesi amac\u0131yla g\u00fcmr\u00fck altyap\u0131s\u0131n\u0131n geli\u015ftirilmesi ve ihracat g\u00fczergahlar\u0131n\u0131n etkinle\u015ftirilmesi konular\u0131 ele al\u0131nd\u0131.<\/p>\n","protected":false},"author":44,"featured_media":319222,"comment_status":"closed","ping_status":"closed","sticky":false,"template":"","format":"standard","meta":{"footnotes":""},"categories":[589,479,17988,478],"tags":[43756,43755],"class_list":["post-319221","post","type-post","status-publish","format-standard","has-post-thumbnail","","category-haber-seridi","category-haberler-yerel","category-son-haberler","category-yerel","tag-mal-ve-yolcu-dolasimini-kolaylastirmak-amaciyla-suriye-turkiye-gorusmeleri-gerceklesti","tag-ulastirma-ve-ticaret-alanlarinda-is-birligini-artirmak"],"_links":{"self":[{"href":"https:\/\/archive.sana.sy\/tr\/index.php?rest_route=\/wp\/v2\/posts\/319221","targetHints":{"allow":["GET"]}}],"collection":[{"href":"https:\/\/archive.sana.sy\/tr\/index.php?rest_route=\/wp\/v2\/posts"}],"about":[{"href":"https:\/\/archive.sana.sy\/tr\/index.php?rest_route=\/wp\/v2\/types\/post"}],"author":[{"embeddable":true,"href":"https:\/\/archive.sana.sy\/tr\/index.php?rest_route=\/wp\/v2\/users\/44"}],"replies":[{"embeddable":true,"href":"https:\/\/archive.sana.sy\/tr\/index.php?rest_route=%2Fwp%2Fv2%2Fcomments&post=319221"}],"version-history":[{"count":1,"href":"https:\/\/archive.sana.sy\/tr\/index.php?rest_route=\/wp\/v2\/posts\/319221\/revisions"}],"predecessor-version":[{"id":319223,"href":"https:\/\/archive.sana.sy\/tr\/index.php?rest_route=\/wp\/v2\/posts\/319221\/revisions\/319223"}],"wp:featuredmedia":[{"embeddable":true,"href":"https:\/\/archive.sana.sy\/tr\/index.php?rest_route=\/wp\/v2\/media\/319222"}],"wp:attachment":[{"href":"https:\/\/archive.sana.sy\/tr\/index.php?rest_route=%2Fwp%2Fv2%2Fmedia&parent=319221"}],"wp:term":[{"taxonomy":"category","embeddable":true,"href":"https:\/\/archive.sana.sy\/tr\/index.php?rest_route=%2Fwp%2Fv2%2Fcategories&post=319221"},{"taxonomy":"post_tag","embeddable":true,"href":"https:\/\/archive.sana.sy\/tr\/index.php?rest_route=%2Fwp%2Fv2%2Ftags&post=319221"}],"curies":[{"name":"wp","href":"https:\/\/api.w.org\/{rel}","templated":true}]}}