{"id":319224,"date":"2025-04-18T10:06:52","date_gmt":"2025-04-18T07:06:52","guid":{"rendered":"https:\/\/sana.sy\/tr\/?p=319224"},"modified":"2025-04-20T09:25:46","modified_gmt":"2025-04-20T06:25:46","slug":"cumhurbaskanligi-cumhurbaskani-ahmed-el-sara-ile-irak-basbakani-muhammed-seyya-el-sudani-arasinda-kardes-katar-devletinin-arabuluculugunda-gerceklesen-resmi-gorusmeye-iliskin-basin-aciklamasi","status":"publish","type":"post","link":"https:\/\/archive.sana.sy\/tr\/?p=319224","title":{"rendered":"Cumhurba\u015fkanl\u0131\u011f\u0131: Cumhurba\u015fkan\u0131 Ahmed El \u015eara \u0130le Irak Ba\u015fbakan\u0131 Muhammed \u015eeyya El Sudani Aras\u0131nda, Karde\u015f Katar Devleti&#8217;nin Arabuluculu\u011funda Ger\u00e7ekle\u015fen Resmi G\u00f6r\u00fc\u015fmeye \u0130li\u015fkin Bas\u0131n A\u00e7\u0131klamas\u0131"},"content":{"rendered":"<p style=\"text-align: justify;\"><span style=\"color: #800000;\"><strong>\u015eAM (SANA) &#8211;<\/strong><\/span> Karde\u015f Katar Devleti&#8217;nin c\u00f6mert arabuluculu\u011fuyla Katar&#8217;\u0131n ba\u015fkenti Doha&#8217;da, Katar Emiri \u015eeyh Temim bin Hamad Al Sani&#8217;nin huzurunda ve himayesinde, Cumhurba\u015fkan\u0131 Ahmed El \u015eara ile Irak Ba\u015fbakan\u0131 Muhammed \u015eeyya El Sudani aras\u0131nda resmi bir g\u00f6r\u00fc\u015fme ger\u00e7ekle\u015ftirildi.<\/p>\n<p style=\"text-align: justify;\">G\u00f6r\u00fc\u015fmede, her iki taraf\u0131n ortak Arap i\u015fbirli\u011fini yeniden canland\u0131rma ve iki karde\u015f halk aras\u0131ndaki tarihi ba\u011flar\u0131n derinli\u011fini vurgulama konusundaki isteklili\u011fi ba\u011flam\u0131nda Suriye Arap Cumhuriyeti ile karde\u015f Irak Cumhuriyeti aras\u0131ndaki ikili ili\u015fkiler ele al\u0131nd\u0131.<\/p>\n<p style=\"text-align: justify;\">Cumhurba\u015fkan\u0131 Ahmed El \u015eara ve Ba\u015fbakan Muhammed \u015eeyya El Sudani, iki \u00fclkenin egemenli\u011fine ve ba\u011f\u0131ms\u0131zl\u0131\u011f\u0131na sayg\u0131 g\u00f6sterilmesi ve her t\u00fcrl\u00fc d\u0131\u015f m\u00fcdahalenin reddedilmesi gerekti\u011finin alt\u0131n\u0131 \u00e7izerek, Suriye ve Irak&#8217;\u0131n g\u00fcvenlik ve istikrar\u0131n\u0131n, b\u00f6lgenin g\u00fcvenli\u011finin temel ta\u015f\u0131 oldu\u011funu vurgulad\u0131lar.<\/p>\n<p style=\"text-align: justify;\">G\u00f6r\u00fc\u015fmede ayr\u0131ca, ortak s\u0131n\u0131r g\u00fcvenli\u011fi konusu ele al\u0131nd\u0131 \u200b\u200bve ortak tehditlerle m\u00fccadele amac\u0131yla iki \u00fclkenin ilgili makamlar\u0131 aras\u0131nda saha ve istihbarat koordinasyonunun art\u0131r\u0131lmas\u0131 konusunda mutabakata var\u0131ld\u0131.<\/p>\n<p style=\"text-align: justify;\">Ekonomik a\u00e7\u0131dan, taraflar, ticari ili\u015fkilerin etkinle\u015ftirilmesi, s\u0131n\u0131r kap\u0131lar\u0131ndan mal ve ki\u015filerin ge\u00e7i\u015finin kolayla\u015ft\u0131r\u0131lmas\u0131, kar\u015f\u0131l\u0131kl\u0131 yat\u0131r\u0131mlar\u0131n te\u015fvik edilmesi ve enerji, ula\u015ft\u0131rma ve altyap\u0131 alanlar\u0131nda i\u015fbirli\u011fine yeni ufuklar a\u00e7\u0131lmas\u0131 gibi her iki \u00fclkenin stratejik \u00e7\u0131karlar\u0131na hizmet edecek mekanizmalar \u00fczerinde g\u00f6r\u00fc\u015ft\u00fcler.<\/p>\n<p style=\"text-align: justify;\">Cumhurba\u015fkan\u0131 El \u015eara, Arap diyalo\u011funu destekleme ve Arap \u00fclkeleri aras\u0131ndaki karde\u015flik ve i\u015f birli\u011fi ba\u011flar\u0131n\u0131 g\u00fc\u00e7lendirme konusundaki ger\u00e7ek bir ba\u011fl\u0131l\u0131\u011f\u0131 yans\u0131tan bu karde\u015flik toplant\u0131s\u0131n\u0131n d\u00fczenlenmesinde g\u00f6sterdikleri \u00e7abalardan dolay\u0131 karde\u015f Katar Devleti&#8217;ne ve Majesteleri \u015eeyh Temim bin Hamad Al Sani&#8217;ye te\u015fekk\u00fcrlerini ve minnettarl\u0131klar\u0131n\u0131 sundu.<\/p>\n<p style=\"text-align: justify;\">Cumhurba\u015fkanl\u0131\u011f\u0131, bu toplant\u0131n\u0131n kar\u015f\u0131l\u0131kl\u0131 sayg\u0131 ve ortak \u00e7\u0131karlar temelinde dengeli ili\u015fkilerin kurulmas\u0131 y\u00f6n\u00fcnde \u00f6nemli bir ad\u0131m te\u015fkil etti\u011fini ve mevcut zorluklarla m\u00fccadele etmek ve b\u00f6lge halklar\u0131 i\u00e7in g\u00fcvenlik ve istikrar\u0131 sa\u011flamak amac\u0131yla ortak Arap eylemini g\u00fc\u00e7lendirme y\u00f6n\u00fcnde yeni bir ba\u015flang\u0131c\u0131 temsil etti\u011fini vurgulamaktad\u0131r.<\/p>\n","protected":false},"excerpt":{"rendered":"<p>\u015eAM (SANA) &#8211; Karde\u015f Katar Devleti&#8217;nin c\u00f6mert arabuluculu\u011fuyla Katar&#8217;\u0131n ba\u015fkenti Doha&#8217;da, Katar Emiri \u015eeyh Temim bin Hamad Al Sani&#8217;nin huzurunda ve himayesinde, Cumhurba\u015fkan\u0131 Ahmed El \u015eara ile Irak Ba\u015fbakan\u0131 Muhammed \u015eeyya El Sudani aras\u0131nda resmi bir g\u00f6r\u00fc\u015fme ger\u00e7ekle\u015ftirildi. G\u00f6r\u00fc\u015fmede, her iki taraf\u0131n ortak Arap i\u015fbirli\u011fini yeniden canland\u0131rma ve iki karde\u015f halk aras\u0131ndaki tarihi ba\u011flar\u0131n derinli\u011fini &hellip;<\/p>\n","protected":false},"author":44,"featured_media":319225,"comment_status":"closed","ping_status":"closed","sticky":false,"template":"","format":"standard","meta":{"footnotes":""},"categories":[479,17988,478],"tags":[43757,43758],"class_list":["post-319224","post","type-post","status-publish","format-standard","has-post-thumbnail","","category-haberler-yerel","category-son-haberler","category-yerel","tag-cumhurbaskanligi-cumhurbaskani-ahmed-el-sara-ile-irak-basbakani-muhammed-seyya-el-sudani-arasinda","tag-kardes-katar-devletinin-arabuluculugunda-gerceklesen-resmi-gorusmeye-iliskin-basin-aciklamasi"],"_links":{"self":[{"href":"https:\/\/archive.sana.sy\/tr\/index.php?rest_route=\/wp\/v2\/posts\/319224","targetHints":{"allow":["GET"]}}],"collection":[{"href":"https:\/\/archive.sana.sy\/tr\/index.php?rest_route=\/wp\/v2\/posts"}],"about":[{"href":"https:\/\/archive.sana.sy\/tr\/index.php?rest_route=\/wp\/v2\/types\/post"}],"author":[{"embeddable":true,"href":"https:\/\/archive.sana.sy\/tr\/index.php?rest_route=\/wp\/v2\/users\/44"}],"replies":[{"embeddable":true,"href":"https:\/\/archive.sana.sy\/tr\/index.php?rest_route=%2Fwp%2Fv2%2Fcomments&post=319224"}],"version-history":[{"count":1,"href":"https:\/\/archive.sana.sy\/tr\/index.php?rest_route=\/wp\/v2\/posts\/319224\/revisions"}],"predecessor-version":[{"id":319226,"href":"https:\/\/archive.sana.sy\/tr\/index.php?rest_route=\/wp\/v2\/posts\/319224\/revisions\/319226"}],"wp:featuredmedia":[{"embeddable":true,"href":"https:\/\/archive.sana.sy\/tr\/index.php?rest_route=\/wp\/v2\/media\/319225"}],"wp:attachment":[{"href":"https:\/\/archive.sana.sy\/tr\/index.php?rest_route=%2Fwp%2Fv2%2Fmedia&parent=319224"}],"wp:term":[{"taxonomy":"category","embeddable":true,"href":"https:\/\/archive.sana.sy\/tr\/index.php?rest_route=%2Fwp%2Fv2%2Fcategories&post=319224"},{"taxonomy":"post_tag","embeddable":true,"href":"https:\/\/archive.sana.sy\/tr\/index.php?rest_route=%2Fwp%2Fv2%2Ftags&post=319224"}],"curies":[{"name":"wp","href":"https:\/\/api.w.org\/{rel}","templated":true}]}}