{"id":319227,"date":"2025-04-18T10:00:05","date_gmt":"2025-04-18T07:00:05","guid":{"rendered":"https:\/\/sana.sy\/tr\/?p=319227"},"modified":"2025-04-20T09:25:39","modified_gmt":"2025-04-20T06:25:39","slug":"cumhurbaskani-el-sara-dunya-ekonomik-forumu-icra-direktoru-ile-gorustu","status":"publish","type":"post","link":"https:\/\/archive.sana.sy\/tr\/?p=319227","title":{"rendered":"Cumhurba\u015fkan\u0131 El \u015eara, D\u00fcnya Ekonomik Forumu \u0130cra Direkt\u00f6r\u00fc \u0130le G\u00f6r\u00fc\u015ft\u00fc"},"content":{"rendered":"<p style=\"text-align: justify;\"><span style=\"color: #800000;\">\u015eAM (SANA) &#8211;<\/span> \u00a0Cumhurba\u015fkan\u0131 Say\u0131n Ahmed El \u015eara, D\u0131\u015fi\u015fleri Bakan\u0131 Say\u0131n Asaad El \u015eeybani&#8217;nin huzurunda, D\u00fcnya Ekonomik Forumu \u0130cra Direkt\u00f6r\u00fc Say\u0131n Maroun Kairouz ile Halk Saray\u0131&#8217;nda bir araya geldi.<\/p>\n<div id='gallery-1' class='gallery galleryid-319227 gallery-columns-1 gallery-size-full'><figure class='gallery-item'>\n\t\t\t<div class='gallery-icon landscape'>\n\t\t\t\t<a href='https:\/\/archive.sana.sy\/tr\/?attachment_id=319229'><img loading=\"lazy\" decoding=\"async\" width=\"660\" height=\"370\" src=\"https:\/\/archive.sana.sy\/tr\/wp-content\/uploads\/2025\/04\/photo_2025-04-17_23-22-01-copy.jpg\" class=\"attachment-full size-full\" alt=\"\" srcset=\"https:\/\/archive.sana.sy\/tr\/wp-content\/uploads\/2025\/04\/photo_2025-04-17_23-22-01-copy.jpg 660w, https:\/\/archive.sana.sy\/tr\/wp-content\/uploads\/2025\/04\/photo_2025-04-17_23-22-01-copy-300x168.jpg 300w\" sizes=\"auto, (max-width: 660px) 100vw, 660px\" \/><\/a>\n\t\t\t<\/div><\/figure><figure class='gallery-item'>\n\t\t\t<div class='gallery-icon landscape'>\n\t\t\t\t<a href='https:\/\/archive.sana.sy\/tr\/?attachment_id=319230'><img loading=\"lazy\" decoding=\"async\" width=\"660\" height=\"370\" src=\"https:\/\/archive.sana.sy\/tr\/wp-content\/uploads\/2025\/04\/photo_2025-04-17_23-20-51-copy.jpg\" class=\"attachment-full size-full\" alt=\"\" srcset=\"https:\/\/archive.sana.sy\/tr\/wp-content\/uploads\/2025\/04\/photo_2025-04-17_23-20-51-copy.jpg 660w, https:\/\/archive.sana.sy\/tr\/wp-content\/uploads\/2025\/04\/photo_2025-04-17_23-20-51-copy-300x168.jpg 300w\" sizes=\"auto, (max-width: 660px) 100vw, 660px\" \/><\/a>\n\t\t\t<\/div><\/figure>\n\t\t<\/div>\n\n","protected":false},"excerpt":{"rendered":"<p>\u015eAM (SANA) &#8211; \u00a0Cumhurba\u015fkan\u0131 Say\u0131n Ahmed El \u015eara, D\u0131\u015fi\u015fleri Bakan\u0131 Say\u0131n Asaad El \u015eeybani&#8217;nin huzurunda, D\u00fcnya Ekonomik Forumu \u0130cra Direkt\u00f6r\u00fc Say\u0131n Maroun Kairouz ile Halk Saray\u0131&#8217;nda bir araya geldi.<\/p>\n","protected":false},"author":44,"featured_media":319228,"comment_status":"closed","ping_status":"closed","sticky":false,"template":"","format":"standard","meta":{"footnotes":""},"categories":[606,605,17988],"tags":[43266,43759],"class_list":["post-319227","post","type-post","status-publish","format-standard","has-post-thumbnail","","category-cumhurbaskani","category-sayin-cumhurbaskani","category-son-haberler","tag-cumhurbaskani-el-sara","tag-dunya-ekonomik-forumu-icra-direktoru-ile-gorustu"],"_links":{"self":[{"href":"https:\/\/archive.sana.sy\/tr\/index.php?rest_route=\/wp\/v2\/posts\/319227","targetHints":{"allow":["GET"]}}],"collection":[{"href":"https:\/\/archive.sana.sy\/tr\/index.php?rest_route=\/wp\/v2\/posts"}],"about":[{"href":"https:\/\/archive.sana.sy\/tr\/index.php?rest_route=\/wp\/v2\/types\/post"}],"author":[{"embeddable":true,"href":"https:\/\/archive.sana.sy\/tr\/index.php?rest_route=\/wp\/v2\/users\/44"}],"replies":[{"embeddable":true,"href":"https:\/\/archive.sana.sy\/tr\/index.php?rest_route=%2Fwp%2Fv2%2Fcomments&post=319227"}],"version-history":[{"count":1,"href":"https:\/\/archive.sana.sy\/tr\/index.php?rest_route=\/wp\/v2\/posts\/319227\/revisions"}],"predecessor-version":[{"id":319231,"href":"https:\/\/archive.sana.sy\/tr\/index.php?rest_route=\/wp\/v2\/posts\/319227\/revisions\/319231"}],"wp:featuredmedia":[{"embeddable":true,"href":"https:\/\/archive.sana.sy\/tr\/index.php?rest_route=\/wp\/v2\/media\/319228"}],"wp:attachment":[{"href":"https:\/\/archive.sana.sy\/tr\/index.php?rest_route=%2Fwp%2Fv2%2Fmedia&parent=319227"}],"wp:term":[{"taxonomy":"category","embeddable":true,"href":"https:\/\/archive.sana.sy\/tr\/index.php?rest_route=%2Fwp%2Fv2%2Fcategories&post=319227"},{"taxonomy":"post_tag","embeddable":true,"href":"https:\/\/archive.sana.sy\/tr\/index.php?rest_route=%2Fwp%2Fv2%2Ftags&post=319227"}],"curies":[{"name":"wp","href":"https:\/\/api.w.org\/{rel}","templated":true}]}}