{"id":319235,"date":"2025-04-18T10:25:41","date_gmt":"2025-04-18T07:25:41","guid":{"rendered":"https:\/\/sana.sy\/tr\/?p=319235"},"modified":"2025-04-18T10:25:41","modified_gmt":"2025-04-18T07:25:41","slug":"suriye-havayollari-birlesik-arap-emirliklerine-direkt-ucuslarinin-yeniden-basladigini-resmen-duyurdu","status":"publish","type":"post","link":"https:\/\/archive.sana.sy\/tr\/?p=319235","title":{"rendered":"Suriye Havayollar\u0131, Birle\u015fik Arap Emirlikleri&#8217;ne Direkt U\u00e7u\u015flar\u0131n\u0131n Yeniden Ba\u015flad\u0131\u011f\u0131n\u0131 Resmen Duyurdu"},"content":{"rendered":"<p style=\"text-align: justify;\"><span style=\"color: #800000;\"><strong>\u015eAM (SANA)<\/strong> &#8211;<\/span> Suriye Havayollar\u0131, bug\u00fcn Suriye ile Birle\u015fik Arap Emirlikleri aras\u0131ndaki direkt u\u00e7u\u015flar\u0131n \u00f6n\u00fcm\u00fczdeki Pazar g\u00fcn\u00fcnden itibaren Dubai ve Sharjah&#8217;a istisnai bir ilk etap olarak yeniden ba\u015flayaca\u011f\u0131n\u0131 resmen duyurdu.<\/p>\n<p style=\"text-align: justify;\">Kurum, resmi Facebook sayfas\u0131ndan yapt\u0131\u011f\u0131 a\u00e7\u0131klamada \u015funlar\u0131 kaydetti: &#8221;\u015eam ile Dubai aras\u0131nda \u015fu anda cumartesi, pazartesi, \u00e7ar\u015famba ve per\u015fembe g\u00fcnleri olmak \u00fczere haftada d\u00f6rt u\u00e7u\u015f ger\u00e7ekle\u015ftirilirken, yak\u0131n zamanda bunun haftada yedi u\u00e7u\u015fa \u00e7\u0131kar\u0131lmas\u0131 planlan\u0131yor. \u015earika&#8217;ya u\u00e7u\u015flar da pazar, sal\u0131 ve cuma g\u00fcnleri ger\u00e7ekle\u015ftirilecek ve sefer s\u0131kl\u0131\u011f\u0131n\u0131n g\u00fcnde bire \u00e7\u0131kar\u0131lmas\u0131 hedefleniyor. \u015eam ile Abu Dabi aras\u0131ndaki u\u00e7u\u015flar Sal\u0131 ve Cuma g\u00fcnleri ger\u00e7ekle\u015ftirilecek.&#8221;<\/p>\n<p style=\"text-align: justify;\">Suriye Havayollar\u0131 ayr\u0131ca, ilgili makamlardan gerekli izinleri ald\u0131ktan sonra u\u00e7u\u015f a\u011f\u0131n\u0131 en k\u0131sa s\u00fcrede geni\u015fletmek i\u00e7in elinden geleni yapaca\u011f\u0131n\u0131 belirtirken, seyahat edenlere daha fazla bilgi i\u00e7in Suriye i\u00e7indeki ve d\u0131\u015f\u0131ndaki ofisleriyle ileti\u015fime ge\u00e7meleri \u00e7a\u011fr\u0131s\u0131nda bulundu.<\/p>\n","protected":false},"excerpt":{"rendered":"<p>\u015eAM (SANA) &#8211; Suriye Havayollar\u0131, bug\u00fcn Suriye ile Birle\u015fik Arap Emirlikleri aras\u0131ndaki direkt u\u00e7u\u015flar\u0131n \u00f6n\u00fcm\u00fczdeki Pazar g\u00fcn\u00fcnden itibaren Dubai ve Sharjah&#8217;a istisnai bir ilk etap olarak yeniden ba\u015flayaca\u011f\u0131n\u0131 resmen duyurdu. Kurum, resmi Facebook sayfas\u0131ndan yapt\u0131\u011f\u0131 a\u00e7\u0131klamada \u015funlar\u0131 kaydetti: &#8221;\u015eam ile Dubai aras\u0131nda \u015fu anda cumartesi, pazartesi, \u00e7ar\u015famba ve per\u015fembe g\u00fcnleri olmak \u00fczere haftada d\u00f6rt u\u00e7u\u015f &hellip;<\/p>\n","protected":false},"author":44,"featured_media":319236,"comment_status":"closed","ping_status":"closed","sticky":false,"template":"","format":"standard","meta":{"footnotes":""},"categories":[589,479,17988,478],"tags":[43760,30198],"class_list":["post-319235","post","type-post","status-publish","format-standard","has-post-thumbnail","","category-haber-seridi","category-haberler-yerel","category-son-haberler","category-yerel","tag-birlesik-arap-emirliklerine-direkt-ucuslarinin-yeniden-basladigini-resmen-duyurdu","tag-suriye-havayollari"],"_links":{"self":[{"href":"https:\/\/archive.sana.sy\/tr\/index.php?rest_route=\/wp\/v2\/posts\/319235","targetHints":{"allow":["GET"]}}],"collection":[{"href":"https:\/\/archive.sana.sy\/tr\/index.php?rest_route=\/wp\/v2\/posts"}],"about":[{"href":"https:\/\/archive.sana.sy\/tr\/index.php?rest_route=\/wp\/v2\/types\/post"}],"author":[{"embeddable":true,"href":"https:\/\/archive.sana.sy\/tr\/index.php?rest_route=\/wp\/v2\/users\/44"}],"replies":[{"embeddable":true,"href":"https:\/\/archive.sana.sy\/tr\/index.php?rest_route=%2Fwp%2Fv2%2Fcomments&post=319235"}],"version-history":[{"count":1,"href":"https:\/\/archive.sana.sy\/tr\/index.php?rest_route=\/wp\/v2\/posts\/319235\/revisions"}],"predecessor-version":[{"id":319237,"href":"https:\/\/archive.sana.sy\/tr\/index.php?rest_route=\/wp\/v2\/posts\/319235\/revisions\/319237"}],"wp:featuredmedia":[{"embeddable":true,"href":"https:\/\/archive.sana.sy\/tr\/index.php?rest_route=\/wp\/v2\/media\/319236"}],"wp:attachment":[{"href":"https:\/\/archive.sana.sy\/tr\/index.php?rest_route=%2Fwp%2Fv2%2Fmedia&parent=319235"}],"wp:term":[{"taxonomy":"category","embeddable":true,"href":"https:\/\/archive.sana.sy\/tr\/index.php?rest_route=%2Fwp%2Fv2%2Fcategories&post=319235"},{"taxonomy":"post_tag","embeddable":true,"href":"https:\/\/archive.sana.sy\/tr\/index.php?rest_route=%2Fwp%2Fv2%2Ftags&post=319235"}],"curies":[{"name":"wp","href":"https:\/\/api.w.org\/{rel}","templated":true}]}}