{"id":319238,"date":"2025-04-18T10:15:43","date_gmt":"2025-04-18T07:15:43","guid":{"rendered":"https:\/\/sana.sy\/tr\/?p=319238"},"modified":"2025-04-18T10:36:10","modified_gmt":"2025-04-18T07:36:10","slug":"ulastirma-bakani-kibris-buyukelciligi-maslahatguzari-ile-suriye-iletisim-sektorunun-gelistirilmesine-yonelik-ortak-isbirligini-gorustu","status":"publish","type":"post","link":"https:\/\/archive.sana.sy\/tr\/?p=319238","title":{"rendered":"\u0130leti\u015fim Bakan\u0131, K\u0131br\u0131s B\u00fcy\u00fckel\u00e7ili\u011fi Maslahatg\u00fczar\u0131 \u0130le Suriye \u0130leti\u015fim Sekt\u00f6r\u00fcn\u00fcn Geli\u015ftirilmesine Y\u00f6nelik Ortak \u0130\u015fbirli\u011fini G\u00f6r\u00fc\u015ft\u00fc"},"content":{"rendered":"<p style=\"text-align: justify;\"><span style=\"color: #800000;\"><strong>\u015eAM (SANA)<\/strong> &#8211;\u00a0<\/span> \u0130leti\u015fim ve Enformasyon Teknolojileri Bakan\u0131 Abdulselam Heykal, K\u0131br\u0131s Cumhuriyeti \u015eam B\u00fcy\u00fckel\u00e7ili\u011fi Maslahatg\u00fczar\u0131 Michalis Hadjikirou ile iki \u00fclke aras\u0131nda ileti\u015fim ve enformasyon teknolojileri alan\u0131nda i\u015fbirli\u011finin art\u0131r\u0131lmas\u0131 yollar\u0131n\u0131 g\u00f6r\u00fc\u015ft\u00fc.<\/p>\n<p style=\"text-align: justify;\">Bakanl\u0131k binas\u0131nda ger\u00e7ekle\u015fen g\u00f6r\u00fc\u015fmede, Suriye&#8217;nin dijital altyap\u0131s\u0131n\u0131n geli\u015fmesine katk\u0131 sa\u011flayacak bu sekt\u00f6rde iki \u00fclke aras\u0131ndaki ikili ili\u015fkilerin daha da geli\u015ftirilmesi ele al\u0131nd\u0131.<\/p>\n","protected":false},"excerpt":{"rendered":"<p>\u015eAM (SANA) &#8211;\u00a0 \u0130leti\u015fim ve Enformasyon Teknolojileri Bakan\u0131 Abdulselam Heykal, K\u0131br\u0131s Cumhuriyeti \u015eam B\u00fcy\u00fckel\u00e7ili\u011fi Maslahatg\u00fczar\u0131 Michalis Hadjikirou ile iki \u00fclke aras\u0131nda ileti\u015fim ve enformasyon teknolojileri alan\u0131nda i\u015fbirli\u011finin art\u0131r\u0131lmas\u0131 yollar\u0131n\u0131 g\u00f6r\u00fc\u015ft\u00fc. Bakanl\u0131k binas\u0131nda ger\u00e7ekle\u015fen g\u00f6r\u00fc\u015fmede, Suriye&#8217;nin dijital altyap\u0131s\u0131n\u0131n geli\u015fmesine katk\u0131 sa\u011flayacak bu sekt\u00f6rde iki \u00fclke aras\u0131ndaki ikili ili\u015fkilerin daha da geli\u015ftirilmesi ele al\u0131nd\u0131.<\/p>\n","protected":false},"author":44,"featured_media":319239,"comment_status":"closed","ping_status":"closed","sticky":false,"template":"","format":"standard","meta":{"footnotes":""},"categories":[589,479,17988,478],"tags":[33180,43761],"class_list":["post-319238","post","type-post","status-publish","format-standard","has-post-thumbnail","","category-haber-seridi","category-haberler-yerel","category-son-haberler","category-yerel","tag-iletisim-bakani","tag-kibris-buyukelciligi-maslahatguzari-ile-suriye-iletisim-sektorunun-gelistirilmesine-yonelik-ortak-isbirligini-gorustu"],"_links":{"self":[{"href":"https:\/\/archive.sana.sy\/tr\/index.php?rest_route=\/wp\/v2\/posts\/319238","targetHints":{"allow":["GET"]}}],"collection":[{"href":"https:\/\/archive.sana.sy\/tr\/index.php?rest_route=\/wp\/v2\/posts"}],"about":[{"href":"https:\/\/archive.sana.sy\/tr\/index.php?rest_route=\/wp\/v2\/types\/post"}],"author":[{"embeddable":true,"href":"https:\/\/archive.sana.sy\/tr\/index.php?rest_route=\/wp\/v2\/users\/44"}],"replies":[{"embeddable":true,"href":"https:\/\/archive.sana.sy\/tr\/index.php?rest_route=%2Fwp%2Fv2%2Fcomments&post=319238"}],"version-history":[{"count":3,"href":"https:\/\/archive.sana.sy\/tr\/index.php?rest_route=\/wp\/v2\/posts\/319238\/revisions"}],"predecessor-version":[{"id":319242,"href":"https:\/\/archive.sana.sy\/tr\/index.php?rest_route=\/wp\/v2\/posts\/319238\/revisions\/319242"}],"wp:featuredmedia":[{"embeddable":true,"href":"https:\/\/archive.sana.sy\/tr\/index.php?rest_route=\/wp\/v2\/media\/319239"}],"wp:attachment":[{"href":"https:\/\/archive.sana.sy\/tr\/index.php?rest_route=%2Fwp%2Fv2%2Fmedia&parent=319238"}],"wp:term":[{"taxonomy":"category","embeddable":true,"href":"https:\/\/archive.sana.sy\/tr\/index.php?rest_route=%2Fwp%2Fv2%2Fcategories&post=319238"},{"taxonomy":"post_tag","embeddable":true,"href":"https:\/\/archive.sana.sy\/tr\/index.php?rest_route=%2Fwp%2Fv2%2Ftags&post=319238"}],"curies":[{"name":"wp","href":"https:\/\/api.w.org\/{rel}","templated":true}]}}