{"id":319246,"date":"2025-04-18T15:40:51","date_gmt":"2025-04-18T12:40:51","guid":{"rendered":"https:\/\/sana.sy\/tr\/?p=319246"},"modified":"2025-04-18T15:40:51","modified_gmt":"2025-04-18T12:40:51","slug":"bakan-el-saar-polatin-ziyareti-suriye-ile-turkiye-arasinda-guclu-ekonomik-is-birligi-ve-ortakligin-baslangici-olacaktir","status":"publish","type":"post","link":"https:\/\/archive.sana.sy\/tr\/?p=319246","title":{"rendered":"Bakan El \u015eaar: Polat&#8217;\u0131n Ziyareti, Suriye \u0130le T\u00fcrkiye Aras\u0131nda G\u00fc\u00e7l\u00fc Ekonomik \u0130\u015f Birli\u011fi Ve Ortakl\u0131\u011f\u0131n Ba\u015flang\u0131c\u0131 Olacakt\u0131r"},"content":{"rendered":"<p style=\"text-align: justify;\"><span style=\"color: #800000;\"><strong>\u015eAM (SANA)<\/strong> &#8211;<\/span> \u00a0Ekonomi ve Sanayi Bakan\u0131 Muhammed Nidal El \u015eaar, T\u00fcrkiye Ticaret Bakan\u0131 \u00d6mer Polat&#8217;\u0131n Suriye ziyaretinin verimli ge\u00e7ti\u011fini ve iki \u00fclke aras\u0131ndaki karde\u015flik ba\u011flar\u0131n\u0131 yans\u0131tt\u0131\u011f\u0131n\u0131 belirtti.<\/p>\n<p style=\"text-align: justify;\">Bakanl\u0131\u011f\u0131n Telegram kanal\u0131nda yer alan habere g\u00f6re Bakan E\u015f-\u015ear, \u015funlar\u0131 s\u00f6yledi: &#8221;Ziyaret verimliydi, bir\u00e7ok \u00f6nemli konuyu g\u00f6r\u00fc\u015ft\u00fck. \u0130ki \u00fclke aras\u0131ndaki karde\u015flik ba\u011flar\u0131n\u0131 yans\u0131t\u0131yor ve aram\u0131zda g\u00fc\u00e7l\u00fc bir ekonomik i\u015f birli\u011finin ve ortakl\u0131\u011f\u0131n ba\u015flang\u0131c\u0131 olacak.\u201d<\/p>\n<p style=\"text-align: justify;\">Bakan El \u015eaar ayr\u0131ca \u015funlar\u0131 ekledi: &#8221;Bug\u00fcn, ortak \u00e7abalar\u0131m\u0131zla yaz\u0131lm\u0131\u015f tarihimizin yeni bir b\u00f6l\u00fcm\u00fcn\u00fc birlikte yaz\u0131yoruz.&#8221;<\/p>\n<p style=\"text-align: justify;\">El \u015eaar&#8217;\u0131n a\u00e7\u0131klamas\u0131, Bulat&#8217;\u0131n ge\u00e7en \u00c7ar\u015famba g\u00fcn\u00fc \u00e7ok say\u0131da T\u00fcrk yetkili ve i\u015fadam\u0131yla birlikte \u015eam&#8217;a yapt\u0131\u011f\u0131 iki g\u00fcnl\u00fck ziyaretin ard\u0131ndan geldi.<\/p>\n<p style=\"text-align: justify;\">Bakan Polat, Suriye&#8217;den T\u00fcrkiye&#8217;ye d\u00f6n\u00fc\u015f\u00fcnde, beraberindeki heyetin ziyareti \u00f6ncesinde gazetecilere yapt\u0131\u011f\u0131 a\u00e7\u0131klamada, \u00fclkesinin Suriye ile iki \u00fclke aras\u0131nda kapsaml\u0131 bir ekonomik ortakl\u0131k anla\u015fmas\u0131 m\u00fczakere etme arzusunu dile getirdi.<\/p>\n","protected":false},"excerpt":{"rendered":"<p>\u015eAM (SANA) &#8211; \u00a0Ekonomi ve Sanayi Bakan\u0131 Muhammed Nidal El \u015eaar, T\u00fcrkiye Ticaret Bakan\u0131 \u00d6mer Polat&#8217;\u0131n Suriye ziyaretinin verimli ge\u00e7ti\u011fini ve iki \u00fclke aras\u0131ndaki karde\u015flik ba\u011flar\u0131n\u0131 yans\u0131tt\u0131\u011f\u0131n\u0131 belirtti. Bakanl\u0131\u011f\u0131n Telegram kanal\u0131nda yer alan habere g\u00f6re Bakan E\u015f-\u015ear, \u015funlar\u0131 s\u00f6yledi: &#8221;Ziyaret verimliydi, bir\u00e7ok \u00f6nemli konuyu g\u00f6r\u00fc\u015ft\u00fck. \u0130ki \u00fclke aras\u0131ndaki karde\u015flik ba\u011flar\u0131n\u0131 yans\u0131t\u0131yor ve aram\u0131zda g\u00fc\u00e7l\u00fc bir &hellip;<\/p>\n","protected":false},"author":44,"featured_media":319247,"comment_status":"closed","ping_status":"closed","sticky":false,"template":"","format":"standard","meta":{"footnotes":""},"categories":[589,479,17988,478],"tags":[43764,43765],"class_list":["post-319246","post","type-post","status-publish","format-standard","has-post-thumbnail","","category-haber-seridi","category-haberler-yerel","category-son-haberler","category-yerel","tag-bakan-el-saar-polatin-ziyareti","tag-suriye-ile-turkiye-arasinda-guclu-ekonomik-is-birligi-ve-ortakligin-baslangici-olacaktir"],"_links":{"self":[{"href":"https:\/\/archive.sana.sy\/tr\/index.php?rest_route=\/wp\/v2\/posts\/319246","targetHints":{"allow":["GET"]}}],"collection":[{"href":"https:\/\/archive.sana.sy\/tr\/index.php?rest_route=\/wp\/v2\/posts"}],"about":[{"href":"https:\/\/archive.sana.sy\/tr\/index.php?rest_route=\/wp\/v2\/types\/post"}],"author":[{"embeddable":true,"href":"https:\/\/archive.sana.sy\/tr\/index.php?rest_route=\/wp\/v2\/users\/44"}],"replies":[{"embeddable":true,"href":"https:\/\/archive.sana.sy\/tr\/index.php?rest_route=%2Fwp%2Fv2%2Fcomments&post=319246"}],"version-history":[{"count":1,"href":"https:\/\/archive.sana.sy\/tr\/index.php?rest_route=\/wp\/v2\/posts\/319246\/revisions"}],"predecessor-version":[{"id":319248,"href":"https:\/\/archive.sana.sy\/tr\/index.php?rest_route=\/wp\/v2\/posts\/319246\/revisions\/319248"}],"wp:featuredmedia":[{"embeddable":true,"href":"https:\/\/archive.sana.sy\/tr\/index.php?rest_route=\/wp\/v2\/media\/319247"}],"wp:attachment":[{"href":"https:\/\/archive.sana.sy\/tr\/index.php?rest_route=%2Fwp%2Fv2%2Fmedia&parent=319246"}],"wp:term":[{"taxonomy":"category","embeddable":true,"href":"https:\/\/archive.sana.sy\/tr\/index.php?rest_route=%2Fwp%2Fv2%2Fcategories&post=319246"},{"taxonomy":"post_tag","embeddable":true,"href":"https:\/\/archive.sana.sy\/tr\/index.php?rest_route=%2Fwp%2Fv2%2Ftags&post=319246"}],"curies":[{"name":"wp","href":"https:\/\/api.w.org\/{rel}","templated":true}]}}