{"id":319251,"date":"2025-04-19T08:00:08","date_gmt":"2025-04-19T05:00:08","guid":{"rendered":"https:\/\/sana.sy\/tr\/?p=319251"},"modified":"2025-04-20T15:35:42","modified_gmt":"2025-04-20T12:35:42","slug":"cumhurbaskani-el-sara-filistin-devlet-baskani-mahmud-abbasi-kabul-etti","status":"publish","type":"post","link":"https:\/\/archive.sana.sy\/tr\/?p=319251","title":{"rendered":"Cumhurba\u015fkan\u0131 El \u015eara, Filistin Devlet Ba\u015fkan\u0131 Mahmud Abbas&#8217;\u0131 Kabul Etti"},"content":{"rendered":"<p style=\"text-align: justify;\"><span style=\"color: #800000;\"><strong>\u015eAM (SANA) &#8211;<\/strong><\/span> Cumhurba\u015fkan\u0131 Say\u0131n Ahmed El \u015eara ve D\u0131\u015fi\u015fleri Bakan\u0131 Say\u0131n Asaad El \u015eeybani, \u015eam&#8217;daki Halk Saray\u0131&#8217;nda\u00a0 Filistin Devlet Ba\u015fkan\u0131 Say\u0131n Mahmud Abbas ve beraberindeki heyeti kabul etti.<\/p>\n","protected":false},"excerpt":{"rendered":"<p>\u015eAM (SANA) &#8211; Cumhurba\u015fkan\u0131 Say\u0131n Ahmed El \u015eara ve D\u0131\u015fi\u015fleri Bakan\u0131 Say\u0131n Asaad El \u015eeybani, \u015eam&#8217;daki Halk Saray\u0131&#8217;nda\u00a0 Filistin Devlet Ba\u015fkan\u0131 Say\u0131n Mahmud Abbas ve beraberindeki heyeti kabul etti.<\/p>\n","protected":false},"author":44,"featured_media":319252,"comment_status":"closed","ping_status":"closed","sticky":false,"template":"","format":"standard","meta":{"footnotes":""},"categories":[606,589,605,17988],"tags":[43266,43766],"class_list":["post-319251","post","type-post","status-publish","format-standard","has-post-thumbnail","","category-cumhurbaskani","category-haber-seridi","category-sayin-cumhurbaskani","category-son-haberler","tag-cumhurbaskani-el-sara","tag-filistin-devlet-baskani-mahmud-abbasi-kabul-etti"],"_links":{"self":[{"href":"https:\/\/archive.sana.sy\/tr\/index.php?rest_route=\/wp\/v2\/posts\/319251","targetHints":{"allow":["GET"]}}],"collection":[{"href":"https:\/\/archive.sana.sy\/tr\/index.php?rest_route=\/wp\/v2\/posts"}],"about":[{"href":"https:\/\/archive.sana.sy\/tr\/index.php?rest_route=\/wp\/v2\/types\/post"}],"author":[{"embeddable":true,"href":"https:\/\/archive.sana.sy\/tr\/index.php?rest_route=\/wp\/v2\/users\/44"}],"replies":[{"embeddable":true,"href":"https:\/\/archive.sana.sy\/tr\/index.php?rest_route=%2Fwp%2Fv2%2Fcomments&post=319251"}],"version-history":[{"count":1,"href":"https:\/\/archive.sana.sy\/tr\/index.php?rest_route=\/wp\/v2\/posts\/319251\/revisions"}],"predecessor-version":[{"id":319253,"href":"https:\/\/archive.sana.sy\/tr\/index.php?rest_route=\/wp\/v2\/posts\/319251\/revisions\/319253"}],"wp:featuredmedia":[{"embeddable":true,"href":"https:\/\/archive.sana.sy\/tr\/index.php?rest_route=\/wp\/v2\/media\/319252"}],"wp:attachment":[{"href":"https:\/\/archive.sana.sy\/tr\/index.php?rest_route=%2Fwp%2Fv2%2Fmedia&parent=319251"}],"wp:term":[{"taxonomy":"category","embeddable":true,"href":"https:\/\/archive.sana.sy\/tr\/index.php?rest_route=%2Fwp%2Fv2%2Fcategories&post=319251"},{"taxonomy":"post_tag","embeddable":true,"href":"https:\/\/archive.sana.sy\/tr\/index.php?rest_route=%2Fwp%2Fv2%2Ftags&post=319251"}],"curies":[{"name":"wp","href":"https:\/\/api.w.org\/{rel}","templated":true}]}}