{"id":319254,"date":"2025-04-19T09:00:10","date_gmt":"2025-04-19T06:00:10","guid":{"rendered":"https:\/\/sana.sy\/tr\/?p=319254"},"modified":"2025-04-19T18:45:30","modified_gmt":"2025-04-19T15:45:30","slug":"11-binden-fazla-suriyeli-kasab-sinir-kapisindan-turkiyeye-dondu","status":"publish","type":"post","link":"https:\/\/archive.sana.sy\/tr\/?p=319254","title":{"rendered":"11 Binden Fazla Suriyeli, Kasab S\u0131n\u0131r Kap\u0131s\u0131&#8217;ndan \u00dclkesine D\u00f6nd\u00fc"},"content":{"rendered":"<p style=\"text-align: justify;\"><span style=\"color: #800000;\"><strong>\u015eAM (SANA)<\/strong> &#8211;<\/span> Lazkiye Vilayeti&#8217;ndeki Kasab S\u0131n\u0131r Kap\u0131s\u0131&#8217;ndan son d\u00f6nemde T\u00fcrkiye&#8217;den \u00fclkelerine d\u00f6nen Suriyelilerin say\u0131s\u0131 11 bini ge\u00e7ti.<\/p>\n<p style=\"text-align: justify;\">Kara ve Deniz Limanlar\u0131 Genel M\u00fcd\u00fcrl\u00fc\u011f\u00fc, bug\u00fcn Telegram kanal\u0131 \u00fczerinden yapt\u0131\u011f\u0131 a\u00e7\u0131klamada, s\u0131n\u0131r kap\u0131s\u0131 idaresinin geri d\u00f6nen sakinleri b\u00fcy\u00fck bir s\u0131cakl\u0131kla kar\u015f\u0131lad\u0131\u011f\u0131n\u0131 ve Suriyelilerin anavatanlar\u0131na d\u00f6n\u00fc\u015flerini g\u00fcvence alt\u0131na almak i\u00e7in m\u00fcd\u00fcrl\u00fck taraf\u0131ndan y\u00fcr\u00fct\u00fclen devam eden \u00e7abalar\u0131n bir par\u00e7as\u0131 olarak kendilerine gerekli t\u00fcm olanaklar\u0131 sa\u011flad\u0131\u011f\u0131n\u0131 a\u00e7\u0131klad\u0131.<\/p>\n","protected":false},"excerpt":{"rendered":"<p>\u015eAM (SANA) &#8211; Lazkiye Vilayeti&#8217;ndeki Kasab S\u0131n\u0131r Kap\u0131s\u0131&#8217;ndan son d\u00f6nemde T\u00fcrkiye&#8217;den \u00fclkelerine d\u00f6nen Suriyelilerin say\u0131s\u0131 11 bini ge\u00e7ti. Kara ve Deniz Limanlar\u0131 Genel M\u00fcd\u00fcrl\u00fc\u011f\u00fc, bug\u00fcn Telegram kanal\u0131 \u00fczerinden yapt\u0131\u011f\u0131 a\u00e7\u0131klamada, s\u0131n\u0131r kap\u0131s\u0131 idaresinin geri d\u00f6nen sakinleri b\u00fcy\u00fck bir s\u0131cakl\u0131kla kar\u015f\u0131lad\u0131\u011f\u0131n\u0131 ve Suriyelilerin anavatanlar\u0131na d\u00f6n\u00fc\u015flerini g\u00fcvence alt\u0131na almak i\u00e7in m\u00fcd\u00fcrl\u00fck taraf\u0131ndan y\u00fcr\u00fct\u00fclen devam eden \u00e7abalar\u0131n bir &hellip;<\/p>\n","protected":false},"author":44,"featured_media":319255,"comment_status":"closed","ping_status":"closed","sticky":false,"template":"","format":"standard","meta":{"footnotes":""},"categories":[589,479,17988,478],"tags":[43767,43768],"class_list":["post-319254","post","type-post","status-publish","format-standard","has-post-thumbnail","","category-haber-seridi","category-haberler-yerel","category-son-haberler","category-yerel","tag-11-binden-fazla-suriyeli","tag-kasab-sinir-kapisindan-turkiyeye-dondu"],"_links":{"self":[{"href":"https:\/\/archive.sana.sy\/tr\/index.php?rest_route=\/wp\/v2\/posts\/319254","targetHints":{"allow":["GET"]}}],"collection":[{"href":"https:\/\/archive.sana.sy\/tr\/index.php?rest_route=\/wp\/v2\/posts"}],"about":[{"href":"https:\/\/archive.sana.sy\/tr\/index.php?rest_route=\/wp\/v2\/types\/post"}],"author":[{"embeddable":true,"href":"https:\/\/archive.sana.sy\/tr\/index.php?rest_route=\/wp\/v2\/users\/44"}],"replies":[{"embeddable":true,"href":"https:\/\/archive.sana.sy\/tr\/index.php?rest_route=%2Fwp%2Fv2%2Fcomments&post=319254"}],"version-history":[{"count":3,"href":"https:\/\/archive.sana.sy\/tr\/index.php?rest_route=\/wp\/v2\/posts\/319254\/revisions"}],"predecessor-version":[{"id":319282,"href":"https:\/\/archive.sana.sy\/tr\/index.php?rest_route=\/wp\/v2\/posts\/319254\/revisions\/319282"}],"wp:featuredmedia":[{"embeddable":true,"href":"https:\/\/archive.sana.sy\/tr\/index.php?rest_route=\/wp\/v2\/media\/319255"}],"wp:attachment":[{"href":"https:\/\/archive.sana.sy\/tr\/index.php?rest_route=%2Fwp%2Fv2%2Fmedia&parent=319254"}],"wp:term":[{"taxonomy":"category","embeddable":true,"href":"https:\/\/archive.sana.sy\/tr\/index.php?rest_route=%2Fwp%2Fv2%2Fcategories&post=319254"},{"taxonomy":"post_tag","embeddable":true,"href":"https:\/\/archive.sana.sy\/tr\/index.php?rest_route=%2Fwp%2Fv2%2Ftags&post=319254"}],"curies":[{"name":"wp","href":"https:\/\/api.w.org\/{rel}","templated":true}]}}