{"id":319257,"date":"2025-04-19T10:24:55","date_gmt":"2025-04-19T07:24:55","guid":{"rendered":"https:\/\/sana.sy\/tr\/?p=319257"},"modified":"2025-04-21T15:08:42","modified_gmt":"2025-04-21T12:08:42","slug":"cumhurbaskani-el-sara-samdaki-halk-sarayinda-abd-kongre-uyesi-cory-lee-millsle-bir-araya-geldi","status":"publish","type":"post","link":"https:\/\/archive.sana.sy\/tr\/?p=319257","title":{"rendered":"Cumhurba\u015fkan\u0131 El \u015eara, \u015eam&#8217;daki Halk Saray\u0131&#8217;nda ABD Kongre \u00dcyesi Cory Lee Mills&#8217;le Bir Araya Geldi"},"content":{"rendered":"<p style=\"text-align: justify;\"><strong><span style=\"color: #800000;\">\u015eAM (SANA) &#8211;<\/span> <\/strong>Cumhurba\u015fkan\u0131 Say\u0131n Ahmed El \u015eara ve D\u0131\u015fi\u015fleri Bakan\u0131 Say\u0131n Asaad El \u015eeybani, ba\u015fkent \u015eam&#8217;daki Halk Saray\u0131&#8217;nda ABD Kongre \u00dcyesi Say\u0131n Cory Lee Mills ile bir araya geldi.<\/p>\n","protected":false},"excerpt":{"rendered":"<p>\u015eAM (SANA) &#8211; Cumhurba\u015fkan\u0131 Say\u0131n Ahmed El \u015eara ve D\u0131\u015fi\u015fleri Bakan\u0131 Say\u0131n Asaad El \u015eeybani, ba\u015fkent \u015eam&#8217;daki Halk Saray\u0131&#8217;nda ABD Kongre \u00dcyesi Say\u0131n Cory Lee Mills ile bir araya geldi.<\/p>\n","protected":false},"author":44,"featured_media":319258,"comment_status":"closed","ping_status":"closed","sticky":false,"template":"","format":"standard","meta":{"footnotes":""},"categories":[606,589,605,17988],"tags":[43266,43769],"class_list":["post-319257","post","type-post","status-publish","format-standard","has-post-thumbnail","","category-cumhurbaskani","category-haber-seridi","category-sayin-cumhurbaskani","category-son-haberler","tag-cumhurbaskani-el-sara","tag-samdaki-halk-sarayinda-abd-kongre-uyesi-cory-lee-millsle-bir-araya-geldi"],"_links":{"self":[{"href":"https:\/\/archive.sana.sy\/tr\/index.php?rest_route=\/wp\/v2\/posts\/319257","targetHints":{"allow":["GET"]}}],"collection":[{"href":"https:\/\/archive.sana.sy\/tr\/index.php?rest_route=\/wp\/v2\/posts"}],"about":[{"href":"https:\/\/archive.sana.sy\/tr\/index.php?rest_route=\/wp\/v2\/types\/post"}],"author":[{"embeddable":true,"href":"https:\/\/archive.sana.sy\/tr\/index.php?rest_route=\/wp\/v2\/users\/44"}],"replies":[{"embeddable":true,"href":"https:\/\/archive.sana.sy\/tr\/index.php?rest_route=%2Fwp%2Fv2%2Fcomments&post=319257"}],"version-history":[{"count":1,"href":"https:\/\/archive.sana.sy\/tr\/index.php?rest_route=\/wp\/v2\/posts\/319257\/revisions"}],"predecessor-version":[{"id":319259,"href":"https:\/\/archive.sana.sy\/tr\/index.php?rest_route=\/wp\/v2\/posts\/319257\/revisions\/319259"}],"wp:featuredmedia":[{"embeddable":true,"href":"https:\/\/archive.sana.sy\/tr\/index.php?rest_route=\/wp\/v2\/media\/319258"}],"wp:attachment":[{"href":"https:\/\/archive.sana.sy\/tr\/index.php?rest_route=%2Fwp%2Fv2%2Fmedia&parent=319257"}],"wp:term":[{"taxonomy":"category","embeddable":true,"href":"https:\/\/archive.sana.sy\/tr\/index.php?rest_route=%2Fwp%2Fv2%2Fcategories&post=319257"},{"taxonomy":"post_tag","embeddable":true,"href":"https:\/\/archive.sana.sy\/tr\/index.php?rest_route=%2Fwp%2Fv2%2Ftags&post=319257"}],"curies":[{"name":"wp","href":"https:\/\/api.w.org\/{rel}","templated":true}]}}