{"id":319261,"date":"2025-04-19T11:21:21","date_gmt":"2025-04-19T08:21:21","guid":{"rendered":"https:\/\/sana.sy\/tr\/?p=319261"},"modified":"2025-04-19T18:33:17","modified_gmt":"2025-04-19T15:33:17","slug":"bm-yetkilisi-imf-ve-dunya-bankasi-onumuzdeki-hafta-suriyeye-destegin-yeniden-baslatilmasi-konusunu-gorusecek","status":"publish","type":"post","link":"https:\/\/archive.sana.sy\/tr\/?p=319261","title":{"rendered":"BM Yetkilisi: IMF Ve D\u00fcnya Bankas\u0131 \u00d6n\u00fcm\u00fczdeki Hafta Suriye&#8217;ye Deste\u011fin Yeniden Ba\u015flat\u0131lmas\u0131 Konusunu G\u00f6r\u00fc\u015fecek"},"content":{"rendered":"<p style=\"text-align: justify;\"><span style=\"color: #800000;\"><strong>NEW YORK (SANA) \u2013<\/strong><\/span> BM Genel Sekreter Yard\u0131mc\u0131s\u0131 ve BM Kalk\u0131nma Program\u0131 Ba\u015fkan Yard\u0131mc\u0131s\u0131 Abdullah El Dardari, Uluslararas\u0131 Para Fonu ve D\u00fcnya Bankas\u0131&#8217;n\u0131n \u00f6n\u00fcm\u00fczdeki hafta yapacaklar\u0131 toplant\u0131da Suriye&#8217;ye deste\u011fin yeniden ba\u015flat\u0131lmas\u0131 konusunu ele almay\u0131 planlad\u0131klar\u0131n\u0131 duyurdu.<\/p>\n<p style=\"text-align: justify;\">El Dardari, Reuters&#8217;a yapt\u0131\u011f\u0131 a\u00e7\u0131klamada \u015funlar\u0131 s\u00f6yledi: &#8221;\u00d6n\u00fcm\u00fczdeki hafta Washington&#8217;da uluslararas\u0131 finans kurulu\u015flar\u0131n\u0131n y\u0131ll\u0131k toplant\u0131lar\u0131 kapsam\u0131nda Suudi Arabistan ve D\u00fcnya Bankas\u0131&#8217;n\u0131n kat\u0131l\u0131m\u0131yla Suriye konusunda bir toplant\u0131 d\u00fczenlenecek. Yetkililer, \u00fclkenin yeniden in\u015fas\u0131n\u0131n \u00f6n\u00fcndeki en b\u00fcy\u00fck engel olmaya devam eden yapt\u0131r\u0131mlara ra\u011fmen, D\u00fcnya Bankas\u0131 ve Uluslararas\u0131 Para Fonu&#8217;nun Suriye&#8217;ye deste\u011fini yeniden sa\u011flamak i\u00e7in at\u0131lacak \u00f6nemli ad\u0131mlar\u0131 g\u00f6r\u00fc\u015fecek.&#8221;<\/p>\n<p style=\"text-align: justify;\">El Dardari ayr\u0131ca, Suudi Arabistan&#8217;\u0131n Suriye&#8217;nin D\u00fcnya Bankas\u0131&#8217;na yakla\u015f\u0131k 15 milyon dolarl\u0131k borcunu \u00f6deme niyetine ili\u015fkin haberlere de\u011finirken, bu bor\u00e7lar\u0131n \u00f6denmesinin, D\u00fcnya Bankas\u0131&#8217;n\u0131n d\u00fc\u015f\u00fck gelirli \u00fclkelere fon sa\u011flayan Uluslararas\u0131 Kalk\u0131nma Birli\u011fi arac\u0131l\u0131\u011f\u0131yla Suriye&#8217;ye destek sa\u011flamas\u0131na olanak sa\u011flayaca\u011f\u0131n\u0131 vurgulad\u0131.<\/p>\n<p style=\"text-align: justify;\">El Dardari, Birle\u015fmi\u015f Milletler Kalk\u0131nma Program\u0131&#8217;n\u0131n (UNDP) \u015eam&#8217;\u0131n g\u00fcneyindeki Deir Ali n\u00fckleer santralinin onar\u0131m\u0131 i\u00e7in 50 milyon dolara kadar kaynak toplamak amac\u0131yla ABD Hazine Bakanl\u0131\u011f\u0131&#8217;ndan yapt\u0131r\u0131m muafiyeti ald\u0131\u011f\u0131n\u0131 da kaydetti.<\/p>\n<p style=\"text-align: justify;\">\n","protected":false},"excerpt":{"rendered":"<p>NEW YORK (SANA) \u2013 BM Genel Sekreter Yard\u0131mc\u0131s\u0131 ve BM Kalk\u0131nma Program\u0131 Ba\u015fkan Yard\u0131mc\u0131s\u0131 Abdullah El Dardari, Uluslararas\u0131 Para Fonu ve D\u00fcnya Bankas\u0131&#8217;n\u0131n \u00f6n\u00fcm\u00fczdeki hafta yapacaklar\u0131 toplant\u0131da Suriye&#8217;ye deste\u011fin yeniden ba\u015flat\u0131lmas\u0131 konusunu ele almay\u0131 planlad\u0131klar\u0131n\u0131 duyurdu. El Dardari, Reuters&#8217;a yapt\u0131\u011f\u0131 a\u00e7\u0131klamada \u015funlar\u0131 s\u00f6yledi: &#8221;\u00d6n\u00fcm\u00fczdeki hafta Washington&#8217;da uluslararas\u0131 finans kurulu\u015flar\u0131n\u0131n y\u0131ll\u0131k toplant\u0131lar\u0131 kapsam\u0131nda Suudi Arabistan ve &hellip;<\/p>\n","protected":false},"author":44,"featured_media":319262,"comment_status":"closed","ping_status":"closed","sticky":false,"template":"","format":"standard","meta":{"footnotes":""},"categories":[458,589,459,17988],"tags":[43770],"class_list":["post-319261","post","type-post","status-publish","format-standard","has-post-thumbnail","","category-dunya1","category-haber-seridi","category-haberler-arap-uluslararasi-politika","category-son-haberler","tag-bm-yetkilisi-imf-ve-dunya-bankasi-onumuzdeki-hafta-suriyeye-destegin-yeniden-baslatilmasi-konusunu-gorusecek"],"_links":{"self":[{"href":"https:\/\/archive.sana.sy\/tr\/index.php?rest_route=\/wp\/v2\/posts\/319261","targetHints":{"allow":["GET"]}}],"collection":[{"href":"https:\/\/archive.sana.sy\/tr\/index.php?rest_route=\/wp\/v2\/posts"}],"about":[{"href":"https:\/\/archive.sana.sy\/tr\/index.php?rest_route=\/wp\/v2\/types\/post"}],"author":[{"embeddable":true,"href":"https:\/\/archive.sana.sy\/tr\/index.php?rest_route=\/wp\/v2\/users\/44"}],"replies":[{"embeddable":true,"href":"https:\/\/archive.sana.sy\/tr\/index.php?rest_route=%2Fwp%2Fv2%2Fcomments&post=319261"}],"version-history":[{"count":2,"href":"https:\/\/archive.sana.sy\/tr\/index.php?rest_route=\/wp\/v2\/posts\/319261\/revisions"}],"predecessor-version":[{"id":319280,"href":"https:\/\/archive.sana.sy\/tr\/index.php?rest_route=\/wp\/v2\/posts\/319261\/revisions\/319280"}],"wp:featuredmedia":[{"embeddable":true,"href":"https:\/\/archive.sana.sy\/tr\/index.php?rest_route=\/wp\/v2\/media\/319262"}],"wp:attachment":[{"href":"https:\/\/archive.sana.sy\/tr\/index.php?rest_route=%2Fwp%2Fv2%2Fmedia&parent=319261"}],"wp:term":[{"taxonomy":"category","embeddable":true,"href":"https:\/\/archive.sana.sy\/tr\/index.php?rest_route=%2Fwp%2Fv2%2Fcategories&post=319261"},{"taxonomy":"post_tag","embeddable":true,"href":"https:\/\/archive.sana.sy\/tr\/index.php?rest_route=%2Fwp%2Fv2%2Ftags&post=319261"}],"curies":[{"name":"wp","href":"https:\/\/api.w.org\/{rel}","templated":true}]}}