{"id":319265,"date":"2025-04-19T11:00:15","date_gmt":"2025-04-19T08:00:15","guid":{"rendered":"https:\/\/sana.sy\/tr\/?p=319265"},"modified":"2025-04-19T11:47:29","modified_gmt":"2025-04-19T08:47:29","slug":"suriye-arap-kickboks-federasyonu-yonetim-kurulu-uyeligine-secildi","status":"publish","type":"post","link":"https:\/\/archive.sana.sy\/tr\/?p=319265","title":{"rendered":"Suriye, Arap Kickboks Federasyonu Y\u00f6netim Kurulu \u00dcyeli\u011fine Se\u00e7ildi"},"content":{"rendered":"<p style=\"text-align: justify;\"><span style=\"color: #800000;\"><strong>TARABLUS (SANA) &#8211;<\/strong><\/span> Suriye, Suriye Arap Kick Boks, Muay Thai ve Karma D\u00f6v\u00fc\u015f Sanatlar\u0131 Federasyonu Ba\u015fkan\u0131 Saria El Cezayri&#8217;nin temsiliyle Arap Kickboks Federasyonu Y\u00f6netim Ofisi&#8217;ne \u00fcye olarak se\u00e7ildi.<\/p>\n<p style=\"text-align: justify;\">Bu \u00fcyelik, d\u00fcn Libya&#8217;da d\u00fczenlenen Arap Kickboks Federasyonu se\u00e7imleri kapsam\u0131nda ger\u00e7ekle\u015fti.<\/p>\n<p style=\"text-align: justify;\">El Cezairi, yapt\u0131\u011f\u0131 a\u00e7\u0131klamada, Suriye&#8217;nin Arap Federasyonu Y\u00fcr\u00fctme Ofisi&#8217;ne \u00fcye olmas\u0131n\u0131n, \u00fclkenin Arap ve uluslararas\u0131 spor arenas\u0131ndaki aktif varl\u0131\u011f\u0131n\u0131 art\u0131raca\u011f\u0131n\u0131 ve kickboks ve benzeri sporlar\u0131n b\u00f6lgesel ve uluslararas\u0131 d\u00fczeyde geli\u015ftirilmesi y\u00f6n\u00fcndeki \u00e7abalar\u0131n\u0131 destekleyece\u011fini vorgulad\u0131.<\/p>\n","protected":false},"excerpt":{"rendered":"<p>TARABLUS (SANA) &#8211; Suriye, Suriye Arap Kick Boks, Muay Thai ve Karma D\u00f6v\u00fc\u015f Sanatlar\u0131 Federasyonu Ba\u015fkan\u0131 Saria El Cezayri&#8217;nin temsiliyle Arap Kickboks Federasyonu Y\u00f6netim Ofisi&#8217;ne \u00fcye olarak se\u00e7ildi. Bu \u00fcyelik, d\u00fcn Libya&#8217;da d\u00fczenlenen Arap Kickboks Federasyonu se\u00e7imleri kapsam\u0131nda ger\u00e7ekle\u015fti. El Cezairi, yapt\u0131\u011f\u0131 a\u00e7\u0131klamada, Suriye&#8217;nin Arap Federasyonu Y\u00fcr\u00fctme Ofisi&#8217;ne \u00fcye olmas\u0131n\u0131n, \u00fclkenin Arap ve uluslararas\u0131 spor &hellip;<\/p>\n","protected":false},"author":44,"featured_media":319266,"comment_status":"closed","ping_status":"closed","sticky":false,"template":"","format":"standard","meta":{"footnotes":""},"categories":[458,498,589,459,17988,496],"tags":[43771,16591],"class_list":["post-319265","post","type-post","status-publish","format-standard","has-post-thumbnail","","category-dunya1","category-dunya-turnuvalari","category-haber-seridi","category-haberler-arap-uluslararasi-politika","category-son-haberler","category-spor","tag-arap-kickboks-federasyonu-yonetim-kurulu-uyeligine-secildi","tag-suriye"],"_links":{"self":[{"href":"https:\/\/archive.sana.sy\/tr\/index.php?rest_route=\/wp\/v2\/posts\/319265","targetHints":{"allow":["GET"]}}],"collection":[{"href":"https:\/\/archive.sana.sy\/tr\/index.php?rest_route=\/wp\/v2\/posts"}],"about":[{"href":"https:\/\/archive.sana.sy\/tr\/index.php?rest_route=\/wp\/v2\/types\/post"}],"author":[{"embeddable":true,"href":"https:\/\/archive.sana.sy\/tr\/index.php?rest_route=\/wp\/v2\/users\/44"}],"replies":[{"embeddable":true,"href":"https:\/\/archive.sana.sy\/tr\/index.php?rest_route=%2Fwp%2Fv2%2Fcomments&post=319265"}],"version-history":[{"count":1,"href":"https:\/\/archive.sana.sy\/tr\/index.php?rest_route=\/wp\/v2\/posts\/319265\/revisions"}],"predecessor-version":[{"id":319267,"href":"https:\/\/archive.sana.sy\/tr\/index.php?rest_route=\/wp\/v2\/posts\/319265\/revisions\/319267"}],"wp:featuredmedia":[{"embeddable":true,"href":"https:\/\/archive.sana.sy\/tr\/index.php?rest_route=\/wp\/v2\/media\/319266"}],"wp:attachment":[{"href":"https:\/\/archive.sana.sy\/tr\/index.php?rest_route=%2Fwp%2Fv2%2Fmedia&parent=319265"}],"wp:term":[{"taxonomy":"category","embeddable":true,"href":"https:\/\/archive.sana.sy\/tr\/index.php?rest_route=%2Fwp%2Fv2%2Fcategories&post=319265"},{"taxonomy":"post_tag","embeddable":true,"href":"https:\/\/archive.sana.sy\/tr\/index.php?rest_route=%2Fwp%2Fv2%2Ftags&post=319265"}],"curies":[{"name":"wp","href":"https:\/\/api.w.org\/{rel}","templated":true}]}}