{"id":319509,"date":"2025-04-22T17:36:26","date_gmt":"2025-04-22T14:36:26","guid":{"rendered":"https:\/\/sana.sy\/tr\/?p=319509"},"modified":"2025-04-24T13:17:27","modified_gmt":"2025-04-24T10:17:27","slug":"barsilludan-sanaya-suriye-haber-kanalinin-nilesat-uzerinden-yayinlanmasi-icin-sozlesme-imzalandi","status":"publish","type":"post","link":"https:\/\/archive.sana.sy\/tr\/?p=319509","title":{"rendered":"Barsillu&#8217;dan SANA&#8217;ya: Suriye Haber Kanal\u0131&#8217;n\u0131n Nilesat \u00dczerinden Yay\u0131nlanmas\u0131 \u0130\u00e7in S\u00f6zle\u015fme \u0130mzaland\u0131"},"content":{"rendered":"<p style=\"text-align: justify;\"><span style=\"color: #800000;\"><strong><img loading=\"lazy\" decoding=\"async\" class=\" wp-image-319511 alignright\" src=\"http:\/\/sana.sy\/tr\/wp-content\/uploads\/2025\/04\/IMG_20250422_164158_856-300x280-1.jpg\" alt=\"\" width=\"159\" height=\"148\" \/>\u015eAM (SANA)<\/strong> <\/span>&#8211;\u00a0 Suriye Radyo ve Televizyon Kurumu Genel M\u00fcd\u00fcr\u00fc Alaa Barsillu, Suriye Radyo ve Televizyon Kurumu ile Nilesat aras\u0131nda Suriye Haber Kanal\u0131&#8217;n\u0131n (El \u0130hbariye El Suriyye) uydu \u00fczerinden yay\u0131nlanmas\u0131 i\u00e7in bir s\u00f6zle\u015fme imzaland\u0131\u011f\u0131n\u0131 duyurdu.<\/p>\n<p style=\"text-align: justify;\">Barsillu, SANA&#8217;ya yapt\u0131\u011f\u0131 a\u00e7\u0131klamada \u015funlar\u0131 s\u00f6yledi: \u2018\u2019S\u00f6zle\u015fmenin imzalanmas\u0131, Kurumun Suriye medyas\u0131ndaki varl\u0131\u011f\u0131n\u0131 art\u0131rma ve d\u00fcnya \u00e7ap\u0131ndaki izleyicilere ula\u015fma \u00e7abalar\u0131 \u00e7er\u00e7evesinde ger\u00e7ekle\u015fti.\u2019\u2019<\/p>\n","protected":false},"excerpt":{"rendered":"<p>\u015eAM (SANA) &#8211;\u00a0 Suriye Radyo ve Televizyon Kurumu Genel M\u00fcd\u00fcr\u00fc Alaa Barsillu, Suriye Radyo ve Televizyon Kurumu ile Nilesat aras\u0131nda Suriye Haber Kanal\u0131&#8217;n\u0131n (El \u0130hbariye El Suriyye) uydu \u00fczerinden yay\u0131nlanmas\u0131 i\u00e7in bir s\u00f6zle\u015fme imzaland\u0131\u011f\u0131n\u0131 duyurdu. Barsillu, SANA&#8217;ya yapt\u0131\u011f\u0131 a\u00e7\u0131klamada \u015funlar\u0131 s\u00f6yledi: \u2018\u2019S\u00f6zle\u015fmenin imzalanmas\u0131, Kurumun Suriye medyas\u0131ndaki varl\u0131\u011f\u0131n\u0131 art\u0131rma ve d\u00fcnya \u00e7ap\u0131ndaki izleyicilere ula\u015fma \u00e7abalar\u0131 \u00e7er\u00e7evesinde &hellip;<\/p>\n","protected":false},"author":41,"featured_media":319510,"comment_status":"closed","ping_status":"closed","sticky":false,"template":"","format":"standard","meta":{"footnotes":""},"categories":[589,479,17988,478],"tags":[],"class_list":["post-319509","post","type-post","status-publish","format-standard","has-post-thumbnail","","category-haber-seridi","category-haberler-yerel","category-son-haberler","category-yerel"],"_links":{"self":[{"href":"https:\/\/archive.sana.sy\/tr\/index.php?rest_route=\/wp\/v2\/posts\/319509","targetHints":{"allow":["GET"]}}],"collection":[{"href":"https:\/\/archive.sana.sy\/tr\/index.php?rest_route=\/wp\/v2\/posts"}],"about":[{"href":"https:\/\/archive.sana.sy\/tr\/index.php?rest_route=\/wp\/v2\/types\/post"}],"author":[{"embeddable":true,"href":"https:\/\/archive.sana.sy\/tr\/index.php?rest_route=\/wp\/v2\/users\/41"}],"replies":[{"embeddable":true,"href":"https:\/\/archive.sana.sy\/tr\/index.php?rest_route=%2Fwp%2Fv2%2Fcomments&post=319509"}],"version-history":[{"count":3,"href":"https:\/\/archive.sana.sy\/tr\/index.php?rest_route=\/wp\/v2\/posts\/319509\/revisions"}],"predecessor-version":[{"id":319660,"href":"https:\/\/archive.sana.sy\/tr\/index.php?rest_route=\/wp\/v2\/posts\/319509\/revisions\/319660"}],"wp:featuredmedia":[{"embeddable":true,"href":"https:\/\/archive.sana.sy\/tr\/index.php?rest_route=\/wp\/v2\/media\/319510"}],"wp:attachment":[{"href":"https:\/\/archive.sana.sy\/tr\/index.php?rest_route=%2Fwp%2Fv2%2Fmedia&parent=319509"}],"wp:term":[{"taxonomy":"category","embeddable":true,"href":"https:\/\/archive.sana.sy\/tr\/index.php?rest_route=%2Fwp%2Fv2%2Fcategories&post=319509"},{"taxonomy":"post_tag","embeddable":true,"href":"https:\/\/archive.sana.sy\/tr\/index.php?rest_route=%2Fwp%2Fv2%2Ftags&post=319509"}],"curies":[{"name":"wp","href":"https:\/\/api.w.org\/{rel}","templated":true}]}}