{"id":319513,"date":"2025-04-22T17:51:11","date_gmt":"2025-04-22T14:51:11","guid":{"rendered":"https:\/\/sana.sy\/tr\/?p=319513"},"modified":"2025-04-22T17:51:11","modified_gmt":"2025-04-22T14:51:11","slug":"suriye-turkiye-arasinda-teknik-hizmetlerin-gelistirilmesi-ve-uydu-internetinin-kullanimi-konusunda-gorusmeler-yapildi","status":"publish","type":"post","link":"https:\/\/archive.sana.sy\/tr\/?p=319513","title":{"rendered":"Suriye-T\u00fcrkiye Aras\u0131nda Teknik Hizmetlerin Geli\u015ftirilmesi Ve Uydu \u0130nternetinin Kullan\u0131m\u0131 Konusunda G\u00f6r\u00fc\u015fmeler Yap\u0131ld\u0131"},"content":{"rendered":"<p style=\"text-align: justify;\"><strong>\u015eAM (SANA)<\/strong> &#8211; \u0130leti\u015fim ve Enformasyon Teknolojileri Bakan\u0131 Abdulselam Heykel, T\u00fcrkiye Ula\u015ft\u0131rma ve Altyap\u0131 Bakan\u0131 Abdulkadir Uralo\u011flu ve T\u00fcrkiye Cumuriyeti\u2019nin \u015eam Maslahatg\u00fczar\u0131 Burhan K\u00f6ro\u011flu ile \u00f6zellikle uydu \u00fczerinden &#8220;uzay&#8221; internet hizmetleri alan\u0131nda teknik i\u015fbirli\u011fi yollar\u0131n\u0131 g\u00f6r\u00fc\u015ft\u00fc.<\/p>\n<p style=\"text-align: justify;\">Bakanl\u0131k merkezinde bug\u00fcn ger\u00e7ekle\u015ftirilen g\u00f6r\u00fc\u015fmede, Suriye&#8217;de internet hizmetlerinin kalitesinin art\u0131r\u0131lmas\u0131 ve \u00f6zellikle altyap\u0131 ba\u015fta olmak \u00fczere zay\u0131fl\u0131k ya\u015fanan b\u00f6lgelerde yayg\u0131nla\u015ft\u0131r\u0131lmas\u0131 yollar\u0131 ele al\u0131nd\u0131. \u200f<\/p>\n<p style=\"text-align: justify;\">G\u00f6r\u00fc\u015fmede ayr\u0131ca, uydu internet hizmetlerinden yararlanma konusunda telekom\u00fcnikasyon sekt\u00f6r\u00fcn\u00fcn ihtiya\u00e7lar\u0131n\u0131n belirlenmesi, g\u00fcncel teknolojik geli\u015fmelere ayak uydurulmas\u0131, dijital hizmetlere kolay eri\u015fimin sa\u011flanmas\u0131, Suriye&#8217;de dijital d\u00f6n\u00fc\u015f\u00fcm s\u00fcrecinin g\u00fc\u00e7lendirilmesi ve bu hizmetlerin Suriye pazar\u0131na sunulabilme yetene\u011finin de\u011ferlendirilmesi ele al\u0131nd\u0131.<\/p>\n","protected":false},"excerpt":{"rendered":"<p>\u015eAM (SANA) &#8211; \u0130leti\u015fim ve Enformasyon Teknolojileri Bakan\u0131 Abdulselam Heykel, T\u00fcrkiye Ula\u015ft\u0131rma ve Altyap\u0131 Bakan\u0131 Abdulkadir Uralo\u011flu ve T\u00fcrkiye Cumuriyeti\u2019nin \u015eam Maslahatg\u00fczar\u0131 Burhan K\u00f6ro\u011flu ile \u00f6zellikle uydu \u00fczerinden &#8220;uzay&#8221; internet hizmetleri alan\u0131nda teknik i\u015fbirli\u011fi yollar\u0131n\u0131 g\u00f6r\u00fc\u015ft\u00fc. Bakanl\u0131k merkezinde bug\u00fcn ger\u00e7ekle\u015ftirilen g\u00f6r\u00fc\u015fmede, Suriye&#8217;de internet hizmetlerinin kalitesinin art\u0131r\u0131lmas\u0131 ve \u00f6zellikle altyap\u0131 ba\u015fta olmak \u00fczere zay\u0131fl\u0131k ya\u015fanan b\u00f6lgelerde &hellip;<\/p>\n","protected":false},"author":41,"featured_media":0,"comment_status":"closed","ping_status":"closed","sticky":false,"template":"","format":"standard","meta":{"footnotes":""},"categories":[1],"tags":[],"class_list":["post-319513","post","type-post","status-publish","format-standard","","category-news-not-sorted"],"_links":{"self":[{"href":"https:\/\/archive.sana.sy\/tr\/index.php?rest_route=\/wp\/v2\/posts\/319513","targetHints":{"allow":["GET"]}}],"collection":[{"href":"https:\/\/archive.sana.sy\/tr\/index.php?rest_route=\/wp\/v2\/posts"}],"about":[{"href":"https:\/\/archive.sana.sy\/tr\/index.php?rest_route=\/wp\/v2\/types\/post"}],"author":[{"embeddable":true,"href":"https:\/\/archive.sana.sy\/tr\/index.php?rest_route=\/wp\/v2\/users\/41"}],"replies":[{"embeddable":true,"href":"https:\/\/archive.sana.sy\/tr\/index.php?rest_route=%2Fwp%2Fv2%2Fcomments&post=319513"}],"version-history":[{"count":1,"href":"https:\/\/archive.sana.sy\/tr\/index.php?rest_route=\/wp\/v2\/posts\/319513\/revisions"}],"predecessor-version":[{"id":319514,"href":"https:\/\/archive.sana.sy\/tr\/index.php?rest_route=\/wp\/v2\/posts\/319513\/revisions\/319514"}],"wp:attachment":[{"href":"https:\/\/archive.sana.sy\/tr\/index.php?rest_route=%2Fwp%2Fv2%2Fmedia&parent=319513"}],"wp:term":[{"taxonomy":"category","embeddable":true,"href":"https:\/\/archive.sana.sy\/tr\/index.php?rest_route=%2Fwp%2Fv2%2Fcategories&post=319513"},{"taxonomy":"post_tag","embeddable":true,"href":"https:\/\/archive.sana.sy\/tr\/index.php?rest_route=%2Fwp%2Fv2%2Ftags&post=319513"}],"curies":[{"name":"wp","href":"https:\/\/api.w.org\/{rel}","templated":true}]}}